{"id":138,"date":"2011-11-19T01:50:00","date_gmt":"2011-11-19T00:50:00","guid":{"rendered":"http:\/\/micoulou.info\/wp\/index.php\/2011\/11\/19\/orientation-a-montreal\/"},"modified":"2011-11-19T01:50:00","modified_gmt":"2011-11-19T00:50:00","slug":"orientation-a-montreal","status":"publish","type":"post","link":"https:\/\/www.micoulou-photos.com\/index.php\/2011\/11\/19\/orientation-a-montreal\/","title":{"rendered":"Orientation \u00e0 Montreal"},"content":{"rendered":"<p>Bon, avant de faire une petite analyse de ce qui m&rsquo;est arriv\u00e9 dans les derni\u00e8res semaines, je vais parler un peu d&rsquo;orientation \u00e0 Montr\u00e9al&#8230;<br \/>En effet, on m&rsquo;a souvent dis qu&rsquo;il etait difficile de s&rsquo;orienter \u00e0 Paris, je vais vous parler de Montr\u00e9al et de la logique des rue, puisque j&rsquo;ai eu quelques ennuis les jours pr\u00e9c\u00e9dents.<br \/>On va commencer par la base,, normalement ce n&rsquo;est pas dur, les rue commence au numero 1, du sud au nord, et commence \u00e0 1 depuis la rue St Laurent si c&rsquo;est Ouest ou Est pour les rue en longueur&#8230;<br \/>On vient maintenant \u00e0 ce qui m&rsquo;a pos\u00e9 probleme : d\u00e9j\u00e0, il y a plein de passage souterrain, pratique pour ne pas passer dans le froid mais on galere pour savoir o\u00f9 on est&#8230;<br \/>2. quand il y a des gratte ciel, il y a des rue qui passe au millieu, et pour savoir dans quel grate ciel se trouve tel ou tel adresse, c&rsquo;est fun aussi&#8230; Pour ma part, j&rsquo;ai trouv\u00e9 quelquefois par deduction, ce soir j&rsquo;avais un rendez vous que je n&rsquo;ai jamais trouv\u00e9&#8230;<br \/>Bon, e puis, le pire, c&rsquo;est les rue speciale voiture, comme des autoroute&#8230; Eh, oui, les autoroutes passent en pleine ville et des entreprise se trouve sur les aires de repos.. Je devais avoir un entretien l\u00e0 bas aussi, autant dire que c&rsquo;etait une catastrophe aussi&#8230; Le bus m&rsquo;a bien depos\u00e9 sur une voie de service, avec des numero impaires&#8230; Je me dis, bon les numero paires doivent etre en face et comme je tiens encore \u00e0 la vie, je n&rsquo;ai pas tent\u00e9 de traverser les dix voies mais cherch\u00e9 d\u00e9sesprement un pont ou quelque chose comme \u00e7a&#8230; Au bout d&rsquo;une bonne demi heure de marche rapide, je me retrouve enfin en face, \u00e0 ce numero 9300, et impossible \u00e0 trouver cette entreprise&#8230; D\u00e9moralis\u00e9, je rentre chez moi, et je verifie l&rsquo;adresse, elle semblait se trouver au m\u00eame endroit o\u00f9 j&rsquo;etait, j&rsquo;appelle la recruteuse qui etait fach\u00e9 contre moi de m&rsquo;etre pas present\u00e9&#8230; En fait, j&rsquo;etait au niveau d&rsquo;un echangeur d&rsquo;autoroute, il y avait une deuxieme autoroute \u00e0 traverser et il y avait un autre numero 9300&#8230;<br \/>Voil\u00e0, juste pour raconter les ave,ntures de l&rsquo;orientation \u00e0 Montreal, qui pour un pieton n&rsquo;est pas toujours facile&#8230;<\/p>\n","protected":false},"excerpt":{"rendered":"<p>Bon, avant de faire une petite analyse de ce qui m&rsquo;est arriv\u00e9 dans les derni\u00e8res semaines, je vais parler un peu d&rsquo;orientation \u00e0 Montr\u00e9al&#8230;En effet, on m&rsquo;a souvent dis qu&rsquo;il etait difficile de s&rsquo;orienter \u00e0 Paris, je vais vous parler de Montr\u00e9al et de la logique des rue, puisque j&rsquo;ai eu quelques ennuis les jours [&hellip;]<\/p>\n","protected":false},"author":1,"featured_media":0,"comment_status":"open","ping_status":"open","sticky":false,"template":"","format":"standard","meta":{"jetpack_post_was_ever_published":false,"_jetpack_newsletter_access":"","_jetpack_dont_email_post_to_subs":false,"_jetpack_newsletter_tier_id":0,"_jetpack_memberships_contains_paywalled_content":false,"_jetpack_memberships_contains_paid_content":false,"footnotes":"","jetpack_publicize_message":"","jetpack_publicize_feature_enabled":true,"jetpack_social_post_already_shared":false,"jetpack_social_options":{"image_generator_settings":{"template":"highway","default_image_id":0,"font":"","enabled":false},"version":2}},"categories":[1],"tags":[],"class_list":["post-138","post","type-post","status-publish","format-standard","hentry","category-non-classe"],"yoast_head":"<!-- This site is optimized with the Yoast SEO plugin v27.5 - https:\/\/yoast.com\/product\/yoast-seo-wordpress\/ -->\n<title>Orientation \u00e0 Montreal - Micoulou Photographie<\/title>\n<meta name=\"robots\" content=\"index, follow, max-snippet:-1, max-image-preview:large, max-video-preview:-1\" \/>\n<link rel=\"canonical\" href=\"https:\/\/www.micoulou-photos.com\/index.php\/2011\/11\/19\/orientation-a-montreal\/\" \/>\n<meta property=\"og:locale\" content=\"fr_FR\" \/>\n<meta property=\"og:type\" content=\"article\" \/>\n<meta property=\"og:title\" content=\"Orientation \u00e0 Montreal - Micoulou Photographie\" \/>\n<meta property=\"og:description\" content=\"Bon, avant de faire une petite analyse de ce qui m&rsquo;est arriv\u00e9 dans les derni\u00e8res semaines, je vais parler un peu d&rsquo;orientation \u00e0 Montr\u00e9al&#8230;En effet, on m&rsquo;a souvent dis qu&rsquo;il etait difficile de s&rsquo;orienter \u00e0 Paris, je vais vous parler de Montr\u00e9al et de la logique des rue, puisque j&rsquo;ai eu quelques ennuis les jours [&hellip;]\" \/>\n<meta property=\"og:url\" content=\"https:\/\/www.micoulou-photos.com\/index.php\/2011\/11\/19\/orientation-a-montreal\/\" \/>\n<meta property=\"og:site_name\" content=\"Micoulou Photographie\" \/>\n<meta property=\"article:published_time\" content=\"2011-11-19T00:50:00+00:00\" \/>\n<meta name=\"author\" content=\"micoulou\" \/>\n<meta name=\"twitter:card\" content=\"summary_large_image\" \/>\n<meta name=\"twitter:label1\" content=\"\u00c9crit par\" \/>\n\t<meta name=\"twitter:data1\" content=\"micoulou\" \/>\n\t<meta name=\"twitter:label2\" content=\"Dur\u00e9e de lecture estim\u00e9e\" \/>\n\t<meta name=\"twitter:data2\" content=\"2 minutes\" \/>\n<script type=\"application\/ld+json\" class=\"yoast-schema-graph\">{\"@context\":\"https:\\\/\\\/schema.org\",\"@graph\":[{\"@type\":\"Article\",\"@id\":\"https:\\\/\\\/www.micoulou-photos.com\\\/index.php\\\/2011\\\/11\\\/19\\\/orientation-a-montreal\\\/#article\",\"isPartOf\":{\"@id\":\"https:\\\/\\\/www.micoulou-photos.com\\\/index.php\\\/2011\\\/11\\\/19\\\/orientation-a-montreal\\\/\"},\"author\":{\"name\":\"micoulou\",\"@id\":\"https:\\\/\\\/www.micoulou-photos.com\\\/#\\\/schema\\\/person\\\/6aedfe8ebe91da632f46e7c9d806a722\"},\"headline\":\"Orientation \u00e0 Montreal\",\"datePublished\":\"2011-11-19T00:50:00+00:00\",\"mainEntityOfPage\":{\"@id\":\"https:\\\/\\\/www.micoulou-photos.com\\\/index.php\\\/2011\\\/11\\\/19\\\/orientation-a-montreal\\\/\"},\"wordCount\":402,\"commentCount\":0,\"publisher\":{\"@id\":\"https:\\\/\\\/www.micoulou-photos.com\\\/#organization\"},\"inLanguage\":\"fr-FR\",\"potentialAction\":[{\"@type\":\"CommentAction\",\"name\":\"Comment\",\"target\":[\"https:\\\/\\\/www.micoulou-photos.com\\\/index.php\\\/2011\\\/11\\\/19\\\/orientation-a-montreal\\\/#respond\"]}]},{\"@type\":\"WebPage\",\"@id\":\"https:\\\/\\\/www.micoulou-photos.com\\\/index.php\\\/2011\\\/11\\\/19\\\/orientation-a-montreal\\\/\",\"url\":\"https:\\\/\\\/www.micoulou-photos.com\\\/index.php\\\/2011\\\/11\\\/19\\\/orientation-a-montreal\\\/\",\"name\":\"Orientation \u00e0 Montreal - Micoulou Photographie\",\"isPartOf\":{\"@id\":\"https:\\\/\\\/www.micoulou-photos.com\\\/#website\"},\"datePublished\":\"2011-11-19T00:50:00+00:00\",\"breadcrumb\":{\"@id\":\"https:\\\/\\\/www.micoulou-photos.com\\\/index.php\\\/2011\\\/11\\\/19\\\/orientation-a-montreal\\\/#breadcrumb\"},\"inLanguage\":\"fr-FR\",\"potentialAction\":[{\"@type\":\"ReadAction\",\"target\":[\"https:\\\/\\\/www.micoulou-photos.com\\\/index.php\\\/2011\\\/11\\\/19\\\/orientation-a-montreal\\\/\"]}]},{\"@type\":\"BreadcrumbList\",\"@id\":\"https:\\\/\\\/www.micoulou-photos.com\\\/index.php\\\/2011\\\/11\\\/19\\\/orientation-a-montreal\\\/#breadcrumb\",\"itemListElement\":[{\"@type\":\"ListItem\",\"position\":1,\"name\":\"Accueil\",\"item\":\"https:\\\/\\\/www.micoulou-photos.com\\\/\"},{\"@type\":\"ListItem\",\"position\":2,\"name\":\"Orientation \u00e0 Montreal\"}]},{\"@type\":\"WebSite\",\"@id\":\"https:\\\/\\\/www.micoulou-photos.com\\\/#website\",\"url\":\"https:\\\/\\\/www.micoulou-photos.com\\\/\",\"name\":\"Micoulou Photographie\",\"description\":\"Photographies, Visites virtuelles et formations par Mickael Minarie\",\"publisher\":{\"@id\":\"https:\\\/\\\/www.micoulou-photos.com\\\/#organization\"},\"potentialAction\":[{\"@type\":\"SearchAction\",\"target\":{\"@type\":\"EntryPoint\",\"urlTemplate\":\"https:\\\/\\\/www.micoulou-photos.com\\\/?s={search_term_string}\"},\"query-input\":{\"@type\":\"PropertyValueSpecification\",\"valueRequired\":true,\"valueName\":\"search_term_string\"}}],\"inLanguage\":\"fr-FR\"},{\"@type\":\"Organization\",\"@id\":\"https:\\\/\\\/www.micoulou-photos.com\\\/#organization\",\"name\":\"Micoulou Photographie\",\"url\":\"https:\\\/\\\/www.micoulou-photos.com\\\/\",\"logo\":{\"@type\":\"ImageObject\",\"inLanguage\":\"fr-FR\",\"@id\":\"https:\\\/\\\/www.micoulou-photos.com\\\/#\\\/schema\\\/logo\\\/image\\\/\",\"url\":\"https:\\\/\\\/i0.wp.com\\\/www.micoulou-photos.com\\\/wp-content\\\/uploads\\\/2020\\\/05\\\/cropped-891667_552097324824916_1615181552_o-1.jpg?fit=643%2C722&ssl=1\",\"contentUrl\":\"https:\\\/\\\/i0.wp.com\\\/www.micoulou-photos.com\\\/wp-content\\\/uploads\\\/2020\\\/05\\\/cropped-891667_552097324824916_1615181552_o-1.jpg?fit=643%2C722&ssl=1\",\"width\":643,\"height\":722,\"caption\":\"Micoulou Photographie\"},\"image\":{\"@id\":\"https:\\\/\\\/www.micoulou-photos.com\\\/#\\\/schema\\\/logo\\\/image\\\/\"}},{\"@type\":\"Person\",\"@id\":\"https:\\\/\\\/www.micoulou-photos.com\\\/#\\\/schema\\\/person\\\/6aedfe8ebe91da632f46e7c9d806a722\",\"name\":\"micoulou\",\"image\":{\"@type\":\"ImageObject\",\"inLanguage\":\"fr-FR\",\"@id\":\"https:\\\/\\\/secure.gravatar.com\\\/avatar\\\/98f892eb7d267eab2faa437baa3edd708deaaa43929316c0cc7b751a04cb247b?s=96&d=mm&r=g\",\"url\":\"https:\\\/\\\/secure.gravatar.com\\\/avatar\\\/98f892eb7d267eab2faa437baa3edd708deaaa43929316c0cc7b751a04cb247b?s=96&d=mm&r=g\",\"contentUrl\":\"https:\\\/\\\/secure.gravatar.com\\\/avatar\\\/98f892eb7d267eab2faa437baa3edd708deaaa43929316c0cc7b751a04cb247b?s=96&d=mm&r=g\",\"caption\":\"micoulou\"},\"url\":\"https:\\\/\\\/www.micoulou-photos.com\\\/index.php\\\/author\\\/micoulou\\\/\"}]}<\/script>\n<!-- \/ Yoast SEO plugin. -->","yoast_head_json":{"title":"Orientation \u00e0 Montreal - Micoulou Photographie","robots":{"index":"index","follow":"follow","max-snippet":"max-snippet:-1","max-image-preview":"max-image-preview:large","max-video-preview":"max-video-preview:-1"},"canonical":"https:\/\/www.micoulou-photos.com\/index.php\/2011\/11\/19\/orientation-a-montreal\/","og_locale":"fr_FR","og_type":"article","og_title":"Orientation \u00e0 Montreal - Micoulou Photographie","og_description":"Bon, avant de faire une petite analyse de ce qui m&rsquo;est arriv\u00e9 dans les derni\u00e8res semaines, je vais parler un peu d&rsquo;orientation \u00e0 Montr\u00e9al&#8230;En effet, on m&rsquo;a souvent dis qu&rsquo;il etait difficile de s&rsquo;orienter \u00e0 Paris, je vais vous parler de Montr\u00e9al et de la logique des rue, puisque j&rsquo;ai eu quelques ennuis les jours [&hellip;]","og_url":"https:\/\/www.micoulou-photos.com\/index.php\/2011\/11\/19\/orientation-a-montreal\/","og_site_name":"Micoulou Photographie","article_published_time":"2011-11-19T00:50:00+00:00","author":"micoulou","twitter_card":"summary_large_image","twitter_misc":{"\u00c9crit par":"micoulou","Dur\u00e9e de lecture estim\u00e9e":"2 minutes"},"schema":{"@context":"https:\/\/schema.org","@graph":[{"@type":"Article","@id":"https:\/\/www.micoulou-photos.com\/index.php\/2011\/11\/19\/orientation-a-montreal\/#article","isPartOf":{"@id":"https:\/\/www.micoulou-photos.com\/index.php\/2011\/11\/19\/orientation-a-montreal\/"},"author":{"name":"micoulou","@id":"https:\/\/www.micoulou-photos.com\/#\/schema\/person\/6aedfe8ebe91da632f46e7c9d806a722"},"headline":"Orientation \u00e0 Montreal","datePublished":"2011-11-19T00:50:00+00:00","mainEntityOfPage":{"@id":"https:\/\/www.micoulou-photos.com\/index.php\/2011\/11\/19\/orientation-a-montreal\/"},"wordCount":402,"commentCount":0,"publisher":{"@id":"https:\/\/www.micoulou-photos.com\/#organization"},"inLanguage":"fr-FR","potentialAction":[{"@type":"CommentAction","name":"Comment","target":["https:\/\/www.micoulou-photos.com\/index.php\/2011\/11\/19\/orientation-a-montreal\/#respond"]}]},{"@type":"WebPage","@id":"https:\/\/www.micoulou-photos.com\/index.php\/2011\/11\/19\/orientation-a-montreal\/","url":"https:\/\/www.micoulou-photos.com\/index.php\/2011\/11\/19\/orientation-a-montreal\/","name":"Orientation \u00e0 Montreal - Micoulou Photographie","isPartOf":{"@id":"https:\/\/www.micoulou-photos.com\/#website"},"datePublished":"2011-11-19T00:50:00+00:00","breadcrumb":{"@id":"https:\/\/www.micoulou-photos.com\/index.php\/2011\/11\/19\/orientation-a-montreal\/#breadcrumb"},"inLanguage":"fr-FR","potentialAction":[{"@type":"ReadAction","target":["https:\/\/www.micoulou-photos.com\/index.php\/2011\/11\/19\/orientation-a-montreal\/"]}]},{"@type":"BreadcrumbList","@id":"https:\/\/www.micoulou-photos.com\/index.php\/2011\/11\/19\/orientation-a-montreal\/#breadcrumb","itemListElement":[{"@type":"ListItem","position":1,"name":"Accueil","item":"https:\/\/www.micoulou-photos.com\/"},{"@type":"ListItem","position":2,"name":"Orientation \u00e0 Montreal"}]},{"@type":"WebSite","@id":"https:\/\/www.micoulou-photos.com\/#website","url":"https:\/\/www.micoulou-photos.com\/","name":"Micoulou Photographie","description":"Photographies, Visites virtuelles et formations par Mickael Minarie","publisher":{"@id":"https:\/\/www.micoulou-photos.com\/#organization"},"potentialAction":[{"@type":"SearchAction","target":{"@type":"EntryPoint","urlTemplate":"https:\/\/www.micoulou-photos.com\/?s={search_term_string}"},"query-input":{"@type":"PropertyValueSpecification","valueRequired":true,"valueName":"search_term_string"}}],"inLanguage":"fr-FR"},{"@type":"Organization","@id":"https:\/\/www.micoulou-photos.com\/#organization","name":"Micoulou Photographie","url":"https:\/\/www.micoulou-photos.com\/","logo":{"@type":"ImageObject","inLanguage":"fr-FR","@id":"https:\/\/www.micoulou-photos.com\/#\/schema\/logo\/image\/","url":"https:\/\/i0.wp.com\/www.micoulou-photos.com\/wp-content\/uploads\/2020\/05\/cropped-891667_552097324824916_1615181552_o-1.jpg?fit=643%2C722&ssl=1","contentUrl":"https:\/\/i0.wp.com\/www.micoulou-photos.com\/wp-content\/uploads\/2020\/05\/cropped-891667_552097324824916_1615181552_o-1.jpg?fit=643%2C722&ssl=1","width":643,"height":722,"caption":"Micoulou Photographie"},"image":{"@id":"https:\/\/www.micoulou-photos.com\/#\/schema\/logo\/image\/"}},{"@type":"Person","@id":"https:\/\/www.micoulou-photos.com\/#\/schema\/person\/6aedfe8ebe91da632f46e7c9d806a722","name":"micoulou","image":{"@type":"ImageObject","inLanguage":"fr-FR","@id":"https:\/\/secure.gravatar.com\/avatar\/98f892eb7d267eab2faa437baa3edd708deaaa43929316c0cc7b751a04cb247b?s=96&d=mm&r=g","url":"https:\/\/secure.gravatar.com\/avatar\/98f892eb7d267eab2faa437baa3edd708deaaa43929316c0cc7b751a04cb247b?s=96&d=mm&r=g","contentUrl":"https:\/\/secure.gravatar.com\/avatar\/98f892eb7d267eab2faa437baa3edd708deaaa43929316c0cc7b751a04cb247b?s=96&d=mm&r=g","caption":"micoulou"},"url":"https:\/\/www.micoulou-photos.com\/index.php\/author\/micoulou\/"}]}},"jetpack_publicize_connections":[],"jetpack_featured_media_url":"","jetpack_sharing_enabled":true,"jetpack_shortlink":"https:\/\/wp.me\/p7zKF4-2e","jetpack-related-posts":[{"id":219,"url":"https:\/\/www.micoulou-photos.com\/index.php\/2011\/02\/26\/itineraire-canada\/","url_meta":{"origin":138,"position":0},"title":"Itineraire Canada&#8230;","author":"micoulou","date":"26 f\u00e9vrier 2011","format":false,"excerpt":"Je regarde les itineraires possibles pour mon periple au Canada, et pour le moment voici ce que j'ai trouv\u00e9 :Je vais arriver sur Montreal et je passerais 2-3 jours l\u00e0 bas.Quebec : ensuite je pense passer quelques jours \u00e0 quebec city, voire les personnes que je connais, commencer \u00e0 voire\u2026","rel":"","context":"Dans &quot;Canada&quot;","block_context":{"text":"Canada","link":"https:\/\/www.micoulou-photos.com\/index.php\/category\/canada\/"},"img":{"alt_text":"","src":"","width":0,"height":0},"classes":[]},{"id":130,"url":"https:\/\/www.micoulou-photos.com\/index.php\/2012\/03\/11\/nouvelles-4\/","url_meta":{"origin":138,"position":1},"title":"Nouvelles","author":"micoulou","date":"11 mars 2012","format":false,"excerpt":"Avant de poster quelques test techniques et des photos, je vais donner quelques nouvelles de Montreal...Je n'ai pas os\u00e9 poster de nouvelles, de peur d'avoir des soucis avec les differentes personnes concern\u00e9s... Je suis dans un etat o\u00f9 je me dis que je n'ai de toute fa\u00e7on plus rien \u00e0\u2026","rel":"","context":"Dans &quot;Non class\u00e9&quot;","block_context":{"text":"Non class\u00e9","link":"https:\/\/www.micoulou-photos.com\/index.php\/category\/non-classe\/"},"img":{"alt_text":"","src":"","width":0,"height":0},"classes":[]},{"id":157,"url":"https:\/\/www.micoulou-photos.com\/index.php\/2011\/09\/06\/nouvelles-7\/","url_meta":{"origin":138,"position":2},"title":"nouvelles","author":"micoulou","date":"6 septembre 2011","format":false,"excerpt":"Bonjour,Voil\u00e0, l'aventure se termine, enfin pas completement mais en partie... Je ne bouge plus pour quelques mois... Dans l'immediat, je recherche un emploi, je ne peux donc pas vraiment savoir comment va se passer la suite mais ce fut une tr\u00e8s bonne experience...Bon, il faudra que je vous parle des\u2026","rel":"","context":"Dans &quot;Non class\u00e9&quot;","block_context":{"text":"Non class\u00e9","link":"https:\/\/www.micoulou-photos.com\/index.php\/category\/non-classe\/"},"img":{"alt_text":"","src":"","width":0,"height":0},"classes":[]},{"id":115,"url":"https:\/\/www.micoulou-photos.com\/index.php\/2012\/06\/21\/train-locean-entre-montreal-et-campbelton\/","url_meta":{"origin":138,"position":3},"title":"Train \u00ab\u00a0L&rsquo;Ocean\u00a0\u00bb entre Montr\u00e9al et Campbelton","author":"micoulou","date":"21 juin 2012","format":false,"excerpt":"J'ai donc repris, pour commencer mon voyage, le train l'Ocean, avec Via Rail... Je me suis arret\u00e9 a Campbelton mais je l'ai repris le lendemain matin de Campbelton a Moncton (le train va jusqu'a Halifax, le trajet total est de 18h).Le paysage etait sympa, meme si on passe dans la\u2026","rel":"","context":"Dans &quot;Non class\u00e9&quot;","block_context":{"text":"Non class\u00e9","link":"https:\/\/www.micoulou-photos.com\/index.php\/category\/non-classe\/"},"img":{"alt_text":"","src":"https:\/\/i0.wp.com\/3.bp.blogspot.com\/-e5rux8G1fN4\/T-KCC-5t-_I\/AAAAAAAAyuw\/FdyXopJdOTc\/s320\/IMG_4995.JPG?resize=350%2C200","width":350,"height":200},"classes":[]},{"id":136,"url":"https:\/\/www.micoulou-photos.com\/index.php\/2011\/12\/07\/meetup\/","url_meta":{"origin":138,"position":4},"title":"Meetup &#8230;","author":"micoulou","date":"7 d\u00e9cembre 2011","format":false,"excerpt":"Bon, pas trop de nouvelles person, tout simplement que pour diverses raisons, je ne peux pas vraiment les donner pour l'instant, mais je publie \u00e7a d\u00e9s que je peux...Sinon, je vais parl\u00e9 2 minutes des meetup, un truc que je ne connaissais pas avant d'arriver \u00e0 Montr\u00e9al, et qui sont\u2026","rel":"","context":"Dans &quot;Non class\u00e9&quot;","block_context":{"text":"Non class\u00e9","link":"https:\/\/www.micoulou-photos.com\/index.php\/category\/non-classe\/"},"img":{"alt_text":"","src":"https:\/\/i0.wp.com\/3.bp.blogspot.com\/-mfTPYr3teP4\/TsiObHPk3VI\/AAAAAAAAp2I\/4SwaOhj17-A\/s320\/IMGP6589.jpg?resize=350%2C200","width":350,"height":200},"classes":[]},{"id":214,"url":"https:\/\/www.micoulou-photos.com\/index.php\/2011\/04\/03\/premieres-images-de-montreal\/","url_meta":{"origin":138,"position":5},"title":"Premi\u00e8res images de Montr\u00e9al.","author":"micoulou","date":"3 avril 2011","format":false,"excerpt":"On a \u00e9t\u00e9 faire quelques photos hier \u00e0 Montr\u00e9al... On commence par les photos industrielles de nuit, je n'ai rien fait d'autre de bien encore, mais c'est dej\u00e0 pas mal, ces industries sont impressionnantes !","rel":"","context":"Dans &quot;Non class\u00e9&quot;","block_context":{"text":"Non class\u00e9","link":"https:\/\/www.micoulou-photos.com\/index.php\/category\/non-classe\/"},"img":{"alt_text":"","src":"https:\/\/i0.wp.com\/1.bp.blogspot.com\/-8oH7tarJlcQ\/TZfoz-bxJ3I\/AAAAAAAAgjU\/gOq5EFEfjoc\/s320\/IMGP0023.jpg?resize=350%2C200","width":350,"height":200},"classes":[]}],"_links":{"self":[{"href":"https:\/\/www.micoulou-photos.com\/index.php\/wp-json\/wp\/v2\/posts\/138","targetHints":{"allow":["GET"]}}],"collection":[{"href":"https:\/\/www.micoulou-photos.com\/index.php\/wp-json\/wp\/v2\/posts"}],"about":[{"href":"https:\/\/www.micoulou-photos.com\/index.php\/wp-json\/wp\/v2\/types\/post"}],"author":[{"embeddable":true,"href":"https:\/\/www.micoulou-photos.com\/index.php\/wp-json\/wp\/v2\/users\/1"}],"replies":[{"embeddable":true,"href":"https:\/\/www.micoulou-photos.com\/index.php\/wp-json\/wp\/v2\/comments?post=138"}],"version-history":[{"count":0,"href":"https:\/\/www.micoulou-photos.com\/index.php\/wp-json\/wp\/v2\/posts\/138\/revisions"}],"wp:attachment":[{"href":"https:\/\/www.micoulou-photos.com\/index.php\/wp-json\/wp\/v2\/media?parent=138"}],"wp:term":[{"taxonomy":"category","embeddable":true,"href":"https:\/\/www.micoulou-photos.com\/index.php\/wp-json\/wp\/v2\/categories?post=138"},{"taxonomy":"post_tag","embeddable":true,"href":"https:\/\/www.micoulou-photos.com\/index.php\/wp-json\/wp\/v2\/tags?post=138"}],"curies":[{"name":"wp","href":"https:\/\/api.w.org\/{rel}","templated":true}]}}