{"id":122,"date":"2012-05-15T03:12:00","date_gmt":"2012-05-15T02:12:00","guid":{"rendered":"http:\/\/micoulou.info\/wp\/index.php\/2012\/05\/15\/essai-de-reparation-du-pentax-k-x\/"},"modified":"2012-05-15T03:12:00","modified_gmt":"2012-05-15T02:12:00","slug":"essai-de-reparation-du-pentax-k-x","status":"publish","type":"post","link":"https:\/\/www.micoulou-photos.com\/index.php\/2012\/05\/15\/essai-de-reparation-du-pentax-k-x\/","title":{"rendered":"Essai de reparation du Pentax K-x"},"content":{"rendered":"<p>J&rsquo;ai donc d\u00e9monter le Pentax K-x, ou le viseur \u00e9tait cass\u00e9&#8230; Je pensais que seul la vitre ext\u00e9rieur \u00e9tait cass\u00e9e, j&rsquo;ai donc commander la pi\u00e8ce plastique qui est devant le viseur, pour K10D qui contient un bout de plastique qui prot\u00e8ge le verre a l\u2019int\u00e9rieur, je pensais que la pi\u00e8ce \u00e9tait la m\u00eame, ce qui n&rsquo;est pas le cas, c&rsquo;est directement une pi\u00e8ce de verre sur le k-x qui est coll\u00e9e au reste du prisme, et difficilement d\u00e9montable&#8230;<br \/>Pour le d\u00e9montage, il faut suivre le tuto du K100D trouv\u00e9 sur le net, on d\u00e9monte la semelle, le dos (en faisant attention de ne pas d\u00e9chirer la nappe de l\u2019\u00e9cran, puis on enl\u00e8ve les vis sous le flash et sous les piles pour retirer le devant et le haut&#8230; Bref, rien de bien difficile pour cette partie (attention au condo du flash, mais il est bien visible&#8230;).<\/p>\n<div style=\"clear: both; text-align: center;\"><a href=\"https:\/\/i0.wp.com\/2.bp.blogspot.com\/-8eOmx89R_gw\/T7G7R-PMygI\/AAAAAAAAxEI\/UzRA3eBf1g4\/s1600\/CRW_0012.jpg\" style=\"margin-left: 1em; margin-right: 1em;\"><img data-recalc-dims=\"1\" fetchpriority=\"high\" decoding=\"async\" border=\"0\" height=\"213\" src=\"https:\/\/i0.wp.com\/2.bp.blogspot.com\/-8eOmx89R_gw\/T7G7R-PMygI\/AAAAAAAAxEI\/UzRA3eBf1g4\/s320\/CRW_0012.jpg?resize=320%2C213\" width=\"320\" \/><\/a><\/div>\n<p><\/p>\n<div style=\"clear: both; text-align: center;\"><a href=\"https:\/\/i0.wp.com\/3.bp.blogspot.com\/-MEMbZJeaK3I\/T7G7TS2_gzI\/AAAAAAAAxEQ\/SLZOM7an8VE\/s1600\/CRW_0014.jpg\" style=\"margin-left: 1em; margin-right: 1em;\"><img data-recalc-dims=\"1\" decoding=\"async\" border=\"0\" height=\"213\" src=\"https:\/\/i0.wp.com\/3.bp.blogspot.com\/-MEMbZJeaK3I\/T7G7TS2_gzI\/AAAAAAAAxEQ\/SLZOM7an8VE\/s320\/CRW_0014.jpg?resize=320%2C213\" width=\"320\" \/><\/a><\/div>\n<p><\/p>\n<div style=\"clear: both; text-align: center;\"><a href=\"https:\/\/i0.wp.com\/4.bp.blogspot.com\/-AiOFmQ8wbBc\/T7G7UzlKnKI\/AAAAAAAAxEY\/KmkKDvDTUT8\/s1600\/CRW_0016.jpg\" style=\"margin-left: 1em; margin-right: 1em;\"><img data-recalc-dims=\"1\" decoding=\"async\" border=\"0\" height=\"213\" src=\"https:\/\/i0.wp.com\/4.bp.blogspot.com\/-AiOFmQ8wbBc\/T7G7UzlKnKI\/AAAAAAAAxEY\/KmkKDvDTUT8\/s320\/CRW_0016.jpg?resize=320%2C213\" width=\"320\" \/><\/a><\/div>\n<p><\/p>\n<div style=\"clear: both; text-align: center;\"><a href=\"https:\/\/i0.wp.com\/4.bp.blogspot.com\/-hoz-GkMBg5U\/T7G7V3zeqSI\/AAAAAAAAxEg\/QxUUdH_h8rI\/s1600\/CRW_0018.jpg\" style=\"margin-left: 1em; margin-right: 1em;\"><img data-recalc-dims=\"1\" loading=\"lazy\" decoding=\"async\" border=\"0\" height=\"213\" src=\"https:\/\/i0.wp.com\/4.bp.blogspot.com\/-hoz-GkMBg5U\/T7G7V3zeqSI\/AAAAAAAAxEg\/QxUUdH_h8rI\/s320\/CRW_0018.jpg?resize=320%2C213\" width=\"320\" \/><\/a><\/div>\n<p>Bon, finalement, ce fut un \u00e9chec, mon k-x est irr\u00e9parable, il va donc \u00eatre utilis\u00e9 seulement pour les pause longue en LV pour la vid\u00e9o&#8230;<\/p>\n","protected":false},"excerpt":{"rendered":"<p>J&rsquo;ai donc d\u00e9monter le Pentax K-x, ou le viseur \u00e9tait cass\u00e9&#8230; Je pensais que seul la vitre ext\u00e9rieur \u00e9tait cass\u00e9e, j&rsquo;ai donc commander la pi\u00e8ce plastique qui est devant le viseur, pour K10D qui contient un bout de plastique qui prot\u00e8ge le verre a l\u2019int\u00e9rieur, je pensais que la pi\u00e8ce \u00e9tait la m\u00eame, ce qui [&hellip;]<\/p>\n","protected":false},"author":1,"featured_media":0,"comment_status":"open","ping_status":"open","sticky":false,"template":"","format":"standard","meta":{"jetpack_post_was_ever_published":false,"_jetpack_newsletter_access":"","_jetpack_dont_email_post_to_subs":false,"_jetpack_newsletter_tier_id":0,"_jetpack_memberships_contains_paywalled_content":false,"_jetpack_memberships_contains_paid_content":false,"footnotes":"","jetpack_publicize_message":"","jetpack_publicize_feature_enabled":true,"jetpack_social_post_already_shared":false,"jetpack_social_options":{"image_generator_settings":{"template":"highway","default_image_id":0,"font":"","enabled":false},"version":2}},"categories":[1],"tags":[],"class_list":["post-122","post","type-post","status-publish","format-standard","hentry","category-non-classe"],"yoast_head":"<!-- This site is optimized with the Yoast SEO plugin v27.5 - https:\/\/yoast.com\/product\/yoast-seo-wordpress\/ -->\n<title>Essai de reparation du Pentax K-x - Micoulou Photographie<\/title>\n<meta name=\"robots\" content=\"index, follow, max-snippet:-1, max-image-preview:large, max-video-preview:-1\" \/>\n<link rel=\"canonical\" href=\"https:\/\/www.micoulou-photos.com\/index.php\/2012\/05\/15\/essai-de-reparation-du-pentax-k-x\/\" \/>\n<meta property=\"og:locale\" content=\"fr_FR\" \/>\n<meta property=\"og:type\" content=\"article\" \/>\n<meta property=\"og:title\" content=\"Essai de reparation du Pentax K-x - Micoulou Photographie\" \/>\n<meta property=\"og:description\" content=\"J&rsquo;ai donc d\u00e9monter le Pentax K-x, ou le viseur \u00e9tait cass\u00e9&#8230; Je pensais que seul la vitre ext\u00e9rieur \u00e9tait cass\u00e9e, j&rsquo;ai donc commander la pi\u00e8ce plastique qui est devant le viseur, pour K10D qui contient un bout de plastique qui prot\u00e8ge le verre a l\u2019int\u00e9rieur, je pensais que la pi\u00e8ce \u00e9tait la m\u00eame, ce qui [&hellip;]\" \/>\n<meta property=\"og:url\" content=\"https:\/\/www.micoulou-photos.com\/index.php\/2012\/05\/15\/essai-de-reparation-du-pentax-k-x\/\" \/>\n<meta property=\"og:site_name\" content=\"Micoulou Photographie\" \/>\n<meta property=\"article:published_time\" content=\"2012-05-15T02:12:00+00:00\" \/>\n<meta property=\"og:image\" content=\"http:\/\/2.bp.blogspot.com\/-8eOmx89R_gw\/T7G7R-PMygI\/AAAAAAAAxEI\/UzRA3eBf1g4\/s320\/CRW_0012.jpg\" \/>\n<meta name=\"author\" content=\"micoulou\" \/>\n<meta name=\"twitter:card\" content=\"summary_large_image\" \/>\n<meta name=\"twitter:label1\" content=\"\u00c9crit par\" \/>\n\t<meta name=\"twitter:data1\" content=\"micoulou\" \/>\n\t<meta name=\"twitter:label2\" content=\"Dur\u00e9e de lecture estim\u00e9e\" \/>\n\t<meta name=\"twitter:data2\" content=\"1 minute\" \/>\n<script type=\"application\/ld+json\" class=\"yoast-schema-graph\">{\"@context\":\"https:\\\/\\\/schema.org\",\"@graph\":[{\"@type\":\"Article\",\"@id\":\"https:\\\/\\\/www.micoulou-photos.com\\\/index.php\\\/2012\\\/05\\\/15\\\/essai-de-reparation-du-pentax-k-x\\\/#article\",\"isPartOf\":{\"@id\":\"https:\\\/\\\/www.micoulou-photos.com\\\/index.php\\\/2012\\\/05\\\/15\\\/essai-de-reparation-du-pentax-k-x\\\/\"},\"author\":{\"name\":\"micoulou\",\"@id\":\"https:\\\/\\\/www.micoulou-photos.com\\\/#\\\/schema\\\/person\\\/6aedfe8ebe91da632f46e7c9d806a722\"},\"headline\":\"Essai de reparation du Pentax K-x\",\"datePublished\":\"2012-05-15T02:12:00+00:00\",\"mainEntityOfPage\":{\"@id\":\"https:\\\/\\\/www.micoulou-photos.com\\\/index.php\\\/2012\\\/05\\\/15\\\/essai-de-reparation-du-pentax-k-x\\\/\"},\"wordCount\":202,\"commentCount\":0,\"publisher\":{\"@id\":\"https:\\\/\\\/www.micoulou-photos.com\\\/#organization\"},\"image\":{\"@id\":\"https:\\\/\\\/www.micoulou-photos.com\\\/index.php\\\/2012\\\/05\\\/15\\\/essai-de-reparation-du-pentax-k-x\\\/#primaryimage\"},\"thumbnailUrl\":\"http:\\\/\\\/2.bp.blogspot.com\\\/-8eOmx89R_gw\\\/T7G7R-PMygI\\\/AAAAAAAAxEI\\\/UzRA3eBf1g4\\\/s320\\\/CRW_0012.jpg\",\"inLanguage\":\"fr-FR\",\"potentialAction\":[{\"@type\":\"CommentAction\",\"name\":\"Comment\",\"target\":[\"https:\\\/\\\/www.micoulou-photos.com\\\/index.php\\\/2012\\\/05\\\/15\\\/essai-de-reparation-du-pentax-k-x\\\/#respond\"]}]},{\"@type\":\"WebPage\",\"@id\":\"https:\\\/\\\/www.micoulou-photos.com\\\/index.php\\\/2012\\\/05\\\/15\\\/essai-de-reparation-du-pentax-k-x\\\/\",\"url\":\"https:\\\/\\\/www.micoulou-photos.com\\\/index.php\\\/2012\\\/05\\\/15\\\/essai-de-reparation-du-pentax-k-x\\\/\",\"name\":\"Essai de reparation du Pentax K-x - Micoulou Photographie\",\"isPartOf\":{\"@id\":\"https:\\\/\\\/www.micoulou-photos.com\\\/#website\"},\"primaryImageOfPage\":{\"@id\":\"https:\\\/\\\/www.micoulou-photos.com\\\/index.php\\\/2012\\\/05\\\/15\\\/essai-de-reparation-du-pentax-k-x\\\/#primaryimage\"},\"image\":{\"@id\":\"https:\\\/\\\/www.micoulou-photos.com\\\/index.php\\\/2012\\\/05\\\/15\\\/essai-de-reparation-du-pentax-k-x\\\/#primaryimage\"},\"thumbnailUrl\":\"http:\\\/\\\/2.bp.blogspot.com\\\/-8eOmx89R_gw\\\/T7G7R-PMygI\\\/AAAAAAAAxEI\\\/UzRA3eBf1g4\\\/s320\\\/CRW_0012.jpg\",\"datePublished\":\"2012-05-15T02:12:00+00:00\",\"breadcrumb\":{\"@id\":\"https:\\\/\\\/www.micoulou-photos.com\\\/index.php\\\/2012\\\/05\\\/15\\\/essai-de-reparation-du-pentax-k-x\\\/#breadcrumb\"},\"inLanguage\":\"fr-FR\",\"potentialAction\":[{\"@type\":\"ReadAction\",\"target\":[\"https:\\\/\\\/www.micoulou-photos.com\\\/index.php\\\/2012\\\/05\\\/15\\\/essai-de-reparation-du-pentax-k-x\\\/\"]}]},{\"@type\":\"ImageObject\",\"inLanguage\":\"fr-FR\",\"@id\":\"https:\\\/\\\/www.micoulou-photos.com\\\/index.php\\\/2012\\\/05\\\/15\\\/essai-de-reparation-du-pentax-k-x\\\/#primaryimage\",\"url\":\"http:\\\/\\\/2.bp.blogspot.com\\\/-8eOmx89R_gw\\\/T7G7R-PMygI\\\/AAAAAAAAxEI\\\/UzRA3eBf1g4\\\/s320\\\/CRW_0012.jpg\",\"contentUrl\":\"http:\\\/\\\/2.bp.blogspot.com\\\/-8eOmx89R_gw\\\/T7G7R-PMygI\\\/AAAAAAAAxEI\\\/UzRA3eBf1g4\\\/s320\\\/CRW_0012.jpg\"},{\"@type\":\"BreadcrumbList\",\"@id\":\"https:\\\/\\\/www.micoulou-photos.com\\\/index.php\\\/2012\\\/05\\\/15\\\/essai-de-reparation-du-pentax-k-x\\\/#breadcrumb\",\"itemListElement\":[{\"@type\":\"ListItem\",\"position\":1,\"name\":\"Accueil\",\"item\":\"https:\\\/\\\/www.micoulou-photos.com\\\/\"},{\"@type\":\"ListItem\",\"position\":2,\"name\":\"Essai de reparation du Pentax K-x\"}]},{\"@type\":\"WebSite\",\"@id\":\"https:\\\/\\\/www.micoulou-photos.com\\\/#website\",\"url\":\"https:\\\/\\\/www.micoulou-photos.com\\\/\",\"name\":\"Micoulou Photographie\",\"description\":\"Photographies, Visites virtuelles et formations par Mickael Minarie\",\"publisher\":{\"@id\":\"https:\\\/\\\/www.micoulou-photos.com\\\/#organization\"},\"potentialAction\":[{\"@type\":\"SearchAction\",\"target\":{\"@type\":\"EntryPoint\",\"urlTemplate\":\"https:\\\/\\\/www.micoulou-photos.com\\\/?s={search_term_string}\"},\"query-input\":{\"@type\":\"PropertyValueSpecification\",\"valueRequired\":true,\"valueName\":\"search_term_string\"}}],\"inLanguage\":\"fr-FR\"},{\"@type\":\"Organization\",\"@id\":\"https:\\\/\\\/www.micoulou-photos.com\\\/#organization\",\"name\":\"Micoulou Photographie\",\"url\":\"https:\\\/\\\/www.micoulou-photos.com\\\/\",\"logo\":{\"@type\":\"ImageObject\",\"inLanguage\":\"fr-FR\",\"@id\":\"https:\\\/\\\/www.micoulou-photos.com\\\/#\\\/schema\\\/logo\\\/image\\\/\",\"url\":\"https:\\\/\\\/i0.wp.com\\\/www.micoulou-photos.com\\\/wp-content\\\/uploads\\\/2020\\\/05\\\/cropped-891667_552097324824916_1615181552_o-1.jpg?fit=643%2C722&ssl=1\",\"contentUrl\":\"https:\\\/\\\/i0.wp.com\\\/www.micoulou-photos.com\\\/wp-content\\\/uploads\\\/2020\\\/05\\\/cropped-891667_552097324824916_1615181552_o-1.jpg?fit=643%2C722&ssl=1\",\"width\":643,\"height\":722,\"caption\":\"Micoulou Photographie\"},\"image\":{\"@id\":\"https:\\\/\\\/www.micoulou-photos.com\\\/#\\\/schema\\\/logo\\\/image\\\/\"}},{\"@type\":\"Person\",\"@id\":\"https:\\\/\\\/www.micoulou-photos.com\\\/#\\\/schema\\\/person\\\/6aedfe8ebe91da632f46e7c9d806a722\",\"name\":\"micoulou\",\"image\":{\"@type\":\"ImageObject\",\"inLanguage\":\"fr-FR\",\"@id\":\"https:\\\/\\\/secure.gravatar.com\\\/avatar\\\/98f892eb7d267eab2faa437baa3edd708deaaa43929316c0cc7b751a04cb247b?s=96&d=mm&r=g\",\"url\":\"https:\\\/\\\/secure.gravatar.com\\\/avatar\\\/98f892eb7d267eab2faa437baa3edd708deaaa43929316c0cc7b751a04cb247b?s=96&d=mm&r=g\",\"contentUrl\":\"https:\\\/\\\/secure.gravatar.com\\\/avatar\\\/98f892eb7d267eab2faa437baa3edd708deaaa43929316c0cc7b751a04cb247b?s=96&d=mm&r=g\",\"caption\":\"micoulou\"},\"url\":\"https:\\\/\\\/www.micoulou-photos.com\\\/index.php\\\/author\\\/micoulou\\\/\"}]}<\/script>\n<!-- \/ Yoast SEO plugin. -->","yoast_head_json":{"title":"Essai de reparation du Pentax K-x - Micoulou Photographie","robots":{"index":"index","follow":"follow","max-snippet":"max-snippet:-1","max-image-preview":"max-image-preview:large","max-video-preview":"max-video-preview:-1"},"canonical":"https:\/\/www.micoulou-photos.com\/index.php\/2012\/05\/15\/essai-de-reparation-du-pentax-k-x\/","og_locale":"fr_FR","og_type":"article","og_title":"Essai de reparation du Pentax K-x - Micoulou Photographie","og_description":"J&rsquo;ai donc d\u00e9monter le Pentax K-x, ou le viseur \u00e9tait cass\u00e9&#8230; Je pensais que seul la vitre ext\u00e9rieur \u00e9tait cass\u00e9e, j&rsquo;ai donc commander la pi\u00e8ce plastique qui est devant le viseur, pour K10D qui contient un bout de plastique qui prot\u00e8ge le verre a l\u2019int\u00e9rieur, je pensais que la pi\u00e8ce \u00e9tait la m\u00eame, ce qui [&hellip;]","og_url":"https:\/\/www.micoulou-photos.com\/index.php\/2012\/05\/15\/essai-de-reparation-du-pentax-k-x\/","og_site_name":"Micoulou Photographie","article_published_time":"2012-05-15T02:12:00+00:00","og_image":[{"url":"http:\/\/2.bp.blogspot.com\/-8eOmx89R_gw\/T7G7R-PMygI\/AAAAAAAAxEI\/UzRA3eBf1g4\/s320\/CRW_0012.jpg","type":"","width":"","height":""}],"author":"micoulou","twitter_card":"summary_large_image","twitter_misc":{"\u00c9crit par":"micoulou","Dur\u00e9e de lecture estim\u00e9e":"1 minute"},"schema":{"@context":"https:\/\/schema.org","@graph":[{"@type":"Article","@id":"https:\/\/www.micoulou-photos.com\/index.php\/2012\/05\/15\/essai-de-reparation-du-pentax-k-x\/#article","isPartOf":{"@id":"https:\/\/www.micoulou-photos.com\/index.php\/2012\/05\/15\/essai-de-reparation-du-pentax-k-x\/"},"author":{"name":"micoulou","@id":"https:\/\/www.micoulou-photos.com\/#\/schema\/person\/6aedfe8ebe91da632f46e7c9d806a722"},"headline":"Essai de reparation du Pentax K-x","datePublished":"2012-05-15T02:12:00+00:00","mainEntityOfPage":{"@id":"https:\/\/www.micoulou-photos.com\/index.php\/2012\/05\/15\/essai-de-reparation-du-pentax-k-x\/"},"wordCount":202,"commentCount":0,"publisher":{"@id":"https:\/\/www.micoulou-photos.com\/#organization"},"image":{"@id":"https:\/\/www.micoulou-photos.com\/index.php\/2012\/05\/15\/essai-de-reparation-du-pentax-k-x\/#primaryimage"},"thumbnailUrl":"http:\/\/2.bp.blogspot.com\/-8eOmx89R_gw\/T7G7R-PMygI\/AAAAAAAAxEI\/UzRA3eBf1g4\/s320\/CRW_0012.jpg","inLanguage":"fr-FR","potentialAction":[{"@type":"CommentAction","name":"Comment","target":["https:\/\/www.micoulou-photos.com\/index.php\/2012\/05\/15\/essai-de-reparation-du-pentax-k-x\/#respond"]}]},{"@type":"WebPage","@id":"https:\/\/www.micoulou-photos.com\/index.php\/2012\/05\/15\/essai-de-reparation-du-pentax-k-x\/","url":"https:\/\/www.micoulou-photos.com\/index.php\/2012\/05\/15\/essai-de-reparation-du-pentax-k-x\/","name":"Essai de reparation du Pentax K-x - Micoulou Photographie","isPartOf":{"@id":"https:\/\/www.micoulou-photos.com\/#website"},"primaryImageOfPage":{"@id":"https:\/\/www.micoulou-photos.com\/index.php\/2012\/05\/15\/essai-de-reparation-du-pentax-k-x\/#primaryimage"},"image":{"@id":"https:\/\/www.micoulou-photos.com\/index.php\/2012\/05\/15\/essai-de-reparation-du-pentax-k-x\/#primaryimage"},"thumbnailUrl":"http:\/\/2.bp.blogspot.com\/-8eOmx89R_gw\/T7G7R-PMygI\/AAAAAAAAxEI\/UzRA3eBf1g4\/s320\/CRW_0012.jpg","datePublished":"2012-05-15T02:12:00+00:00","breadcrumb":{"@id":"https:\/\/www.micoulou-photos.com\/index.php\/2012\/05\/15\/essai-de-reparation-du-pentax-k-x\/#breadcrumb"},"inLanguage":"fr-FR","potentialAction":[{"@type":"ReadAction","target":["https:\/\/www.micoulou-photos.com\/index.php\/2012\/05\/15\/essai-de-reparation-du-pentax-k-x\/"]}]},{"@type":"ImageObject","inLanguage":"fr-FR","@id":"https:\/\/www.micoulou-photos.com\/index.php\/2012\/05\/15\/essai-de-reparation-du-pentax-k-x\/#primaryimage","url":"http:\/\/2.bp.blogspot.com\/-8eOmx89R_gw\/T7G7R-PMygI\/AAAAAAAAxEI\/UzRA3eBf1g4\/s320\/CRW_0012.jpg","contentUrl":"http:\/\/2.bp.blogspot.com\/-8eOmx89R_gw\/T7G7R-PMygI\/AAAAAAAAxEI\/UzRA3eBf1g4\/s320\/CRW_0012.jpg"},{"@type":"BreadcrumbList","@id":"https:\/\/www.micoulou-photos.com\/index.php\/2012\/05\/15\/essai-de-reparation-du-pentax-k-x\/#breadcrumb","itemListElement":[{"@type":"ListItem","position":1,"name":"Accueil","item":"https:\/\/www.micoulou-photos.com\/"},{"@type":"ListItem","position":2,"name":"Essai de reparation du Pentax K-x"}]},{"@type":"WebSite","@id":"https:\/\/www.micoulou-photos.com\/#website","url":"https:\/\/www.micoulou-photos.com\/","name":"Micoulou Photographie","description":"Photographies, Visites virtuelles et formations par Mickael Minarie","publisher":{"@id":"https:\/\/www.micoulou-photos.com\/#organization"},"potentialAction":[{"@type":"SearchAction","target":{"@type":"EntryPoint","urlTemplate":"https:\/\/www.micoulou-photos.com\/?s={search_term_string}"},"query-input":{"@type":"PropertyValueSpecification","valueRequired":true,"valueName":"search_term_string"}}],"inLanguage":"fr-FR"},{"@type":"Organization","@id":"https:\/\/www.micoulou-photos.com\/#organization","name":"Micoulou Photographie","url":"https:\/\/www.micoulou-photos.com\/","logo":{"@type":"ImageObject","inLanguage":"fr-FR","@id":"https:\/\/www.micoulou-photos.com\/#\/schema\/logo\/image\/","url":"https:\/\/i0.wp.com\/www.micoulou-photos.com\/wp-content\/uploads\/2020\/05\/cropped-891667_552097324824916_1615181552_o-1.jpg?fit=643%2C722&ssl=1","contentUrl":"https:\/\/i0.wp.com\/www.micoulou-photos.com\/wp-content\/uploads\/2020\/05\/cropped-891667_552097324824916_1615181552_o-1.jpg?fit=643%2C722&ssl=1","width":643,"height":722,"caption":"Micoulou Photographie"},"image":{"@id":"https:\/\/www.micoulou-photos.com\/#\/schema\/logo\/image\/"}},{"@type":"Person","@id":"https:\/\/www.micoulou-photos.com\/#\/schema\/person\/6aedfe8ebe91da632f46e7c9d806a722","name":"micoulou","image":{"@type":"ImageObject","inLanguage":"fr-FR","@id":"https:\/\/secure.gravatar.com\/avatar\/98f892eb7d267eab2faa437baa3edd708deaaa43929316c0cc7b751a04cb247b?s=96&d=mm&r=g","url":"https:\/\/secure.gravatar.com\/avatar\/98f892eb7d267eab2faa437baa3edd708deaaa43929316c0cc7b751a04cb247b?s=96&d=mm&r=g","contentUrl":"https:\/\/secure.gravatar.com\/avatar\/98f892eb7d267eab2faa437baa3edd708deaaa43929316c0cc7b751a04cb247b?s=96&d=mm&r=g","caption":"micoulou"},"url":"https:\/\/www.micoulou-photos.com\/index.php\/author\/micoulou\/"}]}},"jetpack_publicize_connections":[],"jetpack_featured_media_url":"","jetpack_sharing_enabled":true,"jetpack_shortlink":"https:\/\/wp.me\/p7zKF4-1Y","jetpack-related-posts":[{"id":218,"url":"https:\/\/www.micoulou-photos.com\/index.php\/2011\/03\/09\/demontage-du-sigma-sd10\/","url_meta":{"origin":122,"position":0},"title":"demontage du sigma SD10","author":"micoulou","date":"9 mars 2011","format":false,"excerpt":"Mon sigma SD10 etant hors ervice depuis quelques mois, la molette ISO\/WB\/Qualit\u00e9... etc inoperante avec l'ISO bloqu\u00e9 sur 800 et la qualit\u00e9 sur Mini, je ne pouvais pas l'utiliser, je l'ai donc demont\u00e9...Attention, je ne conseille \u00e0 personne de faire cet exercice, je l'ai fait sur le miens car la\u2026","rel":"","context":"Dans &quot;Non class\u00e9&quot;","block_context":{"text":"Non class\u00e9","link":"https:\/\/www.micoulou-photos.com\/index.php\/category\/non-classe\/"},"img":{"alt_text":"","src":"https:\/\/i0.wp.com\/lh4.googleusercontent.com\/-_dcsvY8BOlk\/TXd1QGVgjxI\/AAAAAAAAfc4\/t36r1-0Shuw\/s320\/DSC05398.JPG?resize=350%2C200&ssl=1","width":350,"height":200},"classes":[]},{"id":152,"url":"https:\/\/www.micoulou-photos.com\/index.php\/2011\/10\/07\/essai-de-plusieurs-alpha\/","url_meta":{"origin":122,"position":1},"title":"Essai de plusieurs alpha&#8230;","author":"micoulou","date":"7 octobre 2011","format":false,"excerpt":"Bon, on continue dans les articles en rapport avec la photo, car j'ai pu prendre en main des alpha 700, 850 et 900 et traiter quelques RAW...Les alpha me semblaient trop gros, \u00e0 l'utilisation en fait, c'est plutot agreable malgr\u00e9s mes petites mains, \u00e7a reste moins bon qu'un K-5 mais\u2026","rel":"","context":"Dans &quot;Non class\u00e9&quot;","block_context":{"text":"Non class\u00e9","link":"https:\/\/www.micoulou-photos.com\/index.php\/category\/non-classe\/"},"img":{"alt_text":"","src":"https:\/\/i0.wp.com\/2.bp.blogspot.com\/-r0H0PNZH6l0\/Tn0CH9Bwq8I\/AAAAAAAAn-k\/WOmUMsiIQK0\/s320\/DSC00150.jpg?resize=350%2C200","width":350,"height":200},"classes":[]},{"id":209,"url":"https:\/\/www.micoulou-photos.com\/index.php\/2011\/04\/11\/match-de-hockey-au-k-x\/","url_meta":{"origin":122,"position":2},"title":"match de hockey au k-x","author":"micoulou","date":"11 avril 2011","format":false,"excerpt":"Attention pour ceux qui me lisent pour mon aventure au Canada : cet article sera assez technique...J'ai \u00e9t\u00e9 invit\u00e9 \u00e0 un match de hockey sur glace \u00e0 Quebec samedi soir dernier. L'appareil photo \u00e0 la main, c'\u00e9tait une occasion de tester ce genre d'image. De plus, les \u00e9quipes n'avaient jamais\u2026","rel":"","context":"Dans &quot;Non class\u00e9&quot;","block_context":{"text":"Non class\u00e9","link":"https:\/\/www.micoulou-photos.com\/index.php\/category\/non-classe\/"},"img":{"alt_text":"","src":"https:\/\/i0.wp.com\/1.bp.blogspot.com\/-YpZKwnjxC6k\/TaODdLbK-yI\/AAAAAAAAguU\/w1xU_y0vQX4\/s200\/IMGP0419.jpg?resize=350%2C200","width":350,"height":200},"classes":[]},{"id":227,"url":"https:\/\/www.micoulou-photos.com\/index.php\/2010\/11\/07\/salon-de-la-photo-suite\/","url_meta":{"origin":122,"position":3},"title":"salon de la photo -suite-","author":"micoulou","date":"7 novembre 2010","format":false,"excerpt":"Toujours au Salon de la photo, au stand Pentax ...Les boitiers :Le 645D : je reste sur mon avis du mois de juin sur la prise en main : excellente, ca quasiment mieux que les Canon\/Nikon Pro je trouve... J'ai pu cette fois ci prendre des images avec. M\u00eame \u00e0\u2026","rel":"","context":"Dans &quot;Non class\u00e9&quot;","block_context":{"text":"Non class\u00e9","link":"https:\/\/www.micoulou-photos.com\/index.php\/category\/non-classe\/"},"img":{"alt_text":"","src":"https:\/\/i0.wp.com\/3.bp.blogspot.com\/_XkNwbuBHhIs\/TNXmvAwWNrI\/AAAAAAAAcIQ\/kO5k0m77h8I\/s200\/IMGP0005.jpg?resize=350%2C200","width":350,"height":200},"classes":[]},{"id":263,"url":"https:\/\/www.micoulou-photos.com\/index.php\/2008\/04\/12\/canon-d30-piece-de-musee-ou-vrai-dslr\/","url_meta":{"origin":122,"position":4},"title":"Canon D30, pi\u00e8ce de mus\u00e9e ou vrai DSLR","author":"micoulou","date":"12 avril 2008","format":false,"excerpt":"Bon, voila, j'ai re\u00e7u mon Canon D30, le premier reflex con\u00e7u enti\u00e8rement par Canon (les plus ancien, la partie num\u00e9rique \u00e9tait faite par Kodak ou Sony).C'est un appareil photo professionnel qui sera remplac\u00e9 ensuite dans la m\u00eame gamme par le 1D et dans le m\u00eame genre par le D60. Cet\u2026","rel":"","context":"Dans &quot;Non class\u00e9&quot;","block_context":{"text":"Non class\u00e9","link":"https:\/\/www.micoulou-photos.com\/index.php\/category\/non-classe\/"},"img":{"alt_text":"","src":"","width":0,"height":0},"classes":[]},{"id":73,"url":"https:\/\/www.micoulou-photos.com\/index.php\/2013\/01\/02\/st-etienne\/","url_meta":{"origin":122,"position":5},"title":"St Etienne","author":"micoulou","date":"2 janvier 2013","format":false,"excerpt":"En passant par St Etienne...\u00a0 Quelques photos avec Pentax K01 et Pentax M 40-80mm f\/2.8-4. J'ai un peu de mal \u00e0 faire la MAP sans viseur...","rel":"","context":"Dans &quot;Non class\u00e9&quot;","block_context":{"text":"Non class\u00e9","link":"https:\/\/www.micoulou-photos.com\/index.php\/category\/non-classe\/"},"img":{"alt_text":"","src":"https:\/\/i0.wp.com\/3.bp.blogspot.com\/-OlooE8RH-Rc\/UOH7lxlHd6I\/AAAAAAAA4tk\/dnKem2Zlyto\/s320\/IMGP0062.jpg?resize=350%2C200","width":350,"height":200},"classes":[]}],"_links":{"self":[{"href":"https:\/\/www.micoulou-photos.com\/index.php\/wp-json\/wp\/v2\/posts\/122","targetHints":{"allow":["GET"]}}],"collection":[{"href":"https:\/\/www.micoulou-photos.com\/index.php\/wp-json\/wp\/v2\/posts"}],"about":[{"href":"https:\/\/www.micoulou-photos.com\/index.php\/wp-json\/wp\/v2\/types\/post"}],"author":[{"embeddable":true,"href":"https:\/\/www.micoulou-photos.com\/index.php\/wp-json\/wp\/v2\/users\/1"}],"replies":[{"embeddable":true,"href":"https:\/\/www.micoulou-photos.com\/index.php\/wp-json\/wp\/v2\/comments?post=122"}],"version-history":[{"count":0,"href":"https:\/\/www.micoulou-photos.com\/index.php\/wp-json\/wp\/v2\/posts\/122\/revisions"}],"wp:attachment":[{"href":"https:\/\/www.micoulou-photos.com\/index.php\/wp-json\/wp\/v2\/media?parent=122"}],"wp:term":[{"taxonomy":"category","embeddable":true,"href":"https:\/\/www.micoulou-photos.com\/index.php\/wp-json\/wp\/v2\/categories?post=122"},{"taxonomy":"post_tag","embeddable":true,"href":"https:\/\/www.micoulou-photos.com\/index.php\/wp-json\/wp\/v2\/tags?post=122"}],"curies":[{"name":"wp","href":"https:\/\/api.w.org\/{rel}","templated":true}]}}