{"id":110,"date":"2012-06-30T23:22:00","date_gmt":"2012-06-30T22:22:00","guid":{"rendered":"http:\/\/micoulou.info\/wp\/index.php\/2012\/06\/30\/digby-2\/"},"modified":"2012-06-30T23:22:00","modified_gmt":"2012-06-30T22:22:00","slug":"digby-2","status":"publish","type":"post","link":"https:\/\/www.micoulou-photos.com\/index.php\/2012\/06\/30\/digby-2\/","title":{"rendered":"digby"},"content":{"rendered":"<p><\/p>\n<div style=\"margin-bottom: 0cm;\">J&rsquo;ai pass\u00e9 3 jours a Digby, une des meilleures partie de mon voyage pour le moment&#8230; Alors que j&rsquo;arrivais en ferry, 3 heure de travers\u00e9 dans la baie de Fundy, un acadien m&rsquo;a gentiment d\u00e9pos\u00e9 directement a l&rsquo;auberge de jeunesse. Cette auberge, qui est tenue par un couple quebeco-hollandais, est bien sympa et j&rsquo;y fait des rencontres sympa, dont pas mal de personnes qui faisait du v\u00e9lo, mais qui ont suivi leurs id\u00e9es jusqu&rsquo;au bout. Les alentours de digby sont bien sympa, avec pas mal de chemin de randonn\u00e9e, et des paysages qui ressemble un peu a l\u2019Irlande, mais en plus sauvage&#8230; Seul le temps n\u2019\u00e9tait pas vraiment avec moi, mais j&rsquo;en ai profiter, pendant les heures ou ils pleuvait vraiment a saut, pour faire ma derni\u00e8re lessive avant mon retour&#8230;<\/div>\n<div style=\"margin-bottom: 0cm;\"><\/div>\n<div style=\"margin-bottom: 0cm;\"><i>Photos d\u00e9s mon retour en France. <\/i><\/div>\n","protected":false},"excerpt":{"rendered":"<p>J&rsquo;ai pass\u00e9 3 jours a Digby, une des meilleures partie de mon voyage pour le moment&#8230; Alors que j&rsquo;arrivais en ferry, 3 heure de travers\u00e9 dans la baie de Fundy, un acadien m&rsquo;a gentiment d\u00e9pos\u00e9 directement a l&rsquo;auberge de jeunesse. Cette auberge, qui est tenue par un couple quebeco-hollandais, est bien sympa et j&rsquo;y fait [&hellip;]<\/p>\n","protected":false},"author":1,"featured_media":0,"comment_status":"open","ping_status":"open","sticky":false,"template":"","format":"standard","meta":{"jetpack_post_was_ever_published":false,"_jetpack_newsletter_access":"","_jetpack_dont_email_post_to_subs":false,"_jetpack_newsletter_tier_id":0,"_jetpack_memberships_contains_paywalled_content":false,"_jetpack_memberships_contains_paid_content":false,"footnotes":"","jetpack_publicize_message":"","jetpack_publicize_feature_enabled":true,"jetpack_social_post_already_shared":false,"jetpack_social_options":{"image_generator_settings":{"template":"highway","default_image_id":0,"font":"","enabled":false},"version":2}},"categories":[1],"tags":[],"class_list":["post-110","post","type-post","status-publish","format-standard","hentry","category-non-classe"],"yoast_head":"<!-- This site is optimized with the Yoast SEO plugin v27.5 - https:\/\/yoast.com\/product\/yoast-seo-wordpress\/ -->\n<title>digby - Micoulou Photographie<\/title>\n<meta name=\"robots\" content=\"index, follow, max-snippet:-1, max-image-preview:large, max-video-preview:-1\" \/>\n<link rel=\"canonical\" href=\"https:\/\/www.micoulou-photos.com\/index.php\/2012\/06\/30\/digby-2\/\" \/>\n<meta property=\"og:locale\" content=\"fr_FR\" \/>\n<meta property=\"og:type\" content=\"article\" \/>\n<meta property=\"og:title\" content=\"digby - Micoulou Photographie\" \/>\n<meta property=\"og:description\" content=\"J&rsquo;ai pass\u00e9 3 jours a Digby, une des meilleures partie de mon voyage pour le moment&#8230; Alors que j&rsquo;arrivais en ferry, 3 heure de travers\u00e9 dans la baie de Fundy, un acadien m&rsquo;a gentiment d\u00e9pos\u00e9 directement a l&rsquo;auberge de jeunesse. Cette auberge, qui est tenue par un couple quebeco-hollandais, est bien sympa et j&rsquo;y fait [&hellip;]\" \/>\n<meta property=\"og:url\" content=\"https:\/\/www.micoulou-photos.com\/index.php\/2012\/06\/30\/digby-2\/\" \/>\n<meta property=\"og:site_name\" content=\"Micoulou Photographie\" \/>\n<meta property=\"article:published_time\" content=\"2012-06-30T22:22:00+00:00\" \/>\n<meta name=\"author\" content=\"micoulou\" \/>\n<meta name=\"twitter:card\" content=\"summary_large_image\" \/>\n<meta name=\"twitter:label1\" content=\"\u00c9crit par\" \/>\n\t<meta name=\"twitter:data1\" content=\"micoulou\" \/>\n\t<meta name=\"twitter:label2\" content=\"Dur\u00e9e de lecture estim\u00e9e\" \/>\n\t<meta name=\"twitter:data2\" content=\"1 minute\" \/>\n<script type=\"application\/ld+json\" class=\"yoast-schema-graph\">{\"@context\":\"https:\\\/\\\/schema.org\",\"@graph\":[{\"@type\":\"Article\",\"@id\":\"https:\\\/\\\/www.micoulou-photos.com\\\/index.php\\\/2012\\\/06\\\/30\\\/digby-2\\\/#article\",\"isPartOf\":{\"@id\":\"https:\\\/\\\/www.micoulou-photos.com\\\/index.php\\\/2012\\\/06\\\/30\\\/digby-2\\\/\"},\"author\":{\"name\":\"micoulou\",\"@id\":\"https:\\\/\\\/www.micoulou-photos.com\\\/#\\\/schema\\\/person\\\/6aedfe8ebe91da632f46e7c9d806a722\"},\"headline\":\"digby\",\"datePublished\":\"2012-06-30T22:22:00+00:00\",\"mainEntityOfPage\":{\"@id\":\"https:\\\/\\\/www.micoulou-photos.com\\\/index.php\\\/2012\\\/06\\\/30\\\/digby-2\\\/\"},\"wordCount\":151,\"commentCount\":0,\"publisher\":{\"@id\":\"https:\\\/\\\/www.micoulou-photos.com\\\/#organization\"},\"inLanguage\":\"fr-FR\",\"potentialAction\":[{\"@type\":\"CommentAction\",\"name\":\"Comment\",\"target\":[\"https:\\\/\\\/www.micoulou-photos.com\\\/index.php\\\/2012\\\/06\\\/30\\\/digby-2\\\/#respond\"]}]},{\"@type\":\"WebPage\",\"@id\":\"https:\\\/\\\/www.micoulou-photos.com\\\/index.php\\\/2012\\\/06\\\/30\\\/digby-2\\\/\",\"url\":\"https:\\\/\\\/www.micoulou-photos.com\\\/index.php\\\/2012\\\/06\\\/30\\\/digby-2\\\/\",\"name\":\"digby - Micoulou Photographie\",\"isPartOf\":{\"@id\":\"https:\\\/\\\/www.micoulou-photos.com\\\/#website\"},\"datePublished\":\"2012-06-30T22:22:00+00:00\",\"breadcrumb\":{\"@id\":\"https:\\\/\\\/www.micoulou-photos.com\\\/index.php\\\/2012\\\/06\\\/30\\\/digby-2\\\/#breadcrumb\"},\"inLanguage\":\"fr-FR\",\"potentialAction\":[{\"@type\":\"ReadAction\",\"target\":[\"https:\\\/\\\/www.micoulou-photos.com\\\/index.php\\\/2012\\\/06\\\/30\\\/digby-2\\\/\"]}]},{\"@type\":\"BreadcrumbList\",\"@id\":\"https:\\\/\\\/www.micoulou-photos.com\\\/index.php\\\/2012\\\/06\\\/30\\\/digby-2\\\/#breadcrumb\",\"itemListElement\":[{\"@type\":\"ListItem\",\"position\":1,\"name\":\"Accueil\",\"item\":\"https:\\\/\\\/www.micoulou-photos.com\\\/\"},{\"@type\":\"ListItem\",\"position\":2,\"name\":\"digby\"}]},{\"@type\":\"WebSite\",\"@id\":\"https:\\\/\\\/www.micoulou-photos.com\\\/#website\",\"url\":\"https:\\\/\\\/www.micoulou-photos.com\\\/\",\"name\":\"Micoulou Photographie\",\"description\":\"Photographies, Visites virtuelles et formations par Mickael Minarie\",\"publisher\":{\"@id\":\"https:\\\/\\\/www.micoulou-photos.com\\\/#organization\"},\"potentialAction\":[{\"@type\":\"SearchAction\",\"target\":{\"@type\":\"EntryPoint\",\"urlTemplate\":\"https:\\\/\\\/www.micoulou-photos.com\\\/?s={search_term_string}\"},\"query-input\":{\"@type\":\"PropertyValueSpecification\",\"valueRequired\":true,\"valueName\":\"search_term_string\"}}],\"inLanguage\":\"fr-FR\"},{\"@type\":\"Organization\",\"@id\":\"https:\\\/\\\/www.micoulou-photos.com\\\/#organization\",\"name\":\"Micoulou Photographie\",\"url\":\"https:\\\/\\\/www.micoulou-photos.com\\\/\",\"logo\":{\"@type\":\"ImageObject\",\"inLanguage\":\"fr-FR\",\"@id\":\"https:\\\/\\\/www.micoulou-photos.com\\\/#\\\/schema\\\/logo\\\/image\\\/\",\"url\":\"https:\\\/\\\/i0.wp.com\\\/www.micoulou-photos.com\\\/wp-content\\\/uploads\\\/2020\\\/05\\\/cropped-891667_552097324824916_1615181552_o-1.jpg?fit=643%2C722&ssl=1\",\"contentUrl\":\"https:\\\/\\\/i0.wp.com\\\/www.micoulou-photos.com\\\/wp-content\\\/uploads\\\/2020\\\/05\\\/cropped-891667_552097324824916_1615181552_o-1.jpg?fit=643%2C722&ssl=1\",\"width\":643,\"height\":722,\"caption\":\"Micoulou Photographie\"},\"image\":{\"@id\":\"https:\\\/\\\/www.micoulou-photos.com\\\/#\\\/schema\\\/logo\\\/image\\\/\"}},{\"@type\":\"Person\",\"@id\":\"https:\\\/\\\/www.micoulou-photos.com\\\/#\\\/schema\\\/person\\\/6aedfe8ebe91da632f46e7c9d806a722\",\"name\":\"micoulou\",\"image\":{\"@type\":\"ImageObject\",\"inLanguage\":\"fr-FR\",\"@id\":\"https:\\\/\\\/secure.gravatar.com\\\/avatar\\\/98f892eb7d267eab2faa437baa3edd708deaaa43929316c0cc7b751a04cb247b?s=96&d=mm&r=g\",\"url\":\"https:\\\/\\\/secure.gravatar.com\\\/avatar\\\/98f892eb7d267eab2faa437baa3edd708deaaa43929316c0cc7b751a04cb247b?s=96&d=mm&r=g\",\"contentUrl\":\"https:\\\/\\\/secure.gravatar.com\\\/avatar\\\/98f892eb7d267eab2faa437baa3edd708deaaa43929316c0cc7b751a04cb247b?s=96&d=mm&r=g\",\"caption\":\"micoulou\"},\"url\":\"https:\\\/\\\/www.micoulou-photos.com\\\/index.php\\\/author\\\/micoulou\\\/\"}]}<\/script>\n<!-- \/ Yoast SEO plugin. -->","yoast_head_json":{"title":"digby - Micoulou Photographie","robots":{"index":"index","follow":"follow","max-snippet":"max-snippet:-1","max-image-preview":"max-image-preview:large","max-video-preview":"max-video-preview:-1"},"canonical":"https:\/\/www.micoulou-photos.com\/index.php\/2012\/06\/30\/digby-2\/","og_locale":"fr_FR","og_type":"article","og_title":"digby - Micoulou Photographie","og_description":"J&rsquo;ai pass\u00e9 3 jours a Digby, une des meilleures partie de mon voyage pour le moment&#8230; Alors que j&rsquo;arrivais en ferry, 3 heure de travers\u00e9 dans la baie de Fundy, un acadien m&rsquo;a gentiment d\u00e9pos\u00e9 directement a l&rsquo;auberge de jeunesse. Cette auberge, qui est tenue par un couple quebeco-hollandais, est bien sympa et j&rsquo;y fait [&hellip;]","og_url":"https:\/\/www.micoulou-photos.com\/index.php\/2012\/06\/30\/digby-2\/","og_site_name":"Micoulou Photographie","article_published_time":"2012-06-30T22:22:00+00:00","author":"micoulou","twitter_card":"summary_large_image","twitter_misc":{"\u00c9crit par":"micoulou","Dur\u00e9e de lecture estim\u00e9e":"1 minute"},"schema":{"@context":"https:\/\/schema.org","@graph":[{"@type":"Article","@id":"https:\/\/www.micoulou-photos.com\/index.php\/2012\/06\/30\/digby-2\/#article","isPartOf":{"@id":"https:\/\/www.micoulou-photos.com\/index.php\/2012\/06\/30\/digby-2\/"},"author":{"name":"micoulou","@id":"https:\/\/www.micoulou-photos.com\/#\/schema\/person\/6aedfe8ebe91da632f46e7c9d806a722"},"headline":"digby","datePublished":"2012-06-30T22:22:00+00:00","mainEntityOfPage":{"@id":"https:\/\/www.micoulou-photos.com\/index.php\/2012\/06\/30\/digby-2\/"},"wordCount":151,"commentCount":0,"publisher":{"@id":"https:\/\/www.micoulou-photos.com\/#organization"},"inLanguage":"fr-FR","potentialAction":[{"@type":"CommentAction","name":"Comment","target":["https:\/\/www.micoulou-photos.com\/index.php\/2012\/06\/30\/digby-2\/#respond"]}]},{"@type":"WebPage","@id":"https:\/\/www.micoulou-photos.com\/index.php\/2012\/06\/30\/digby-2\/","url":"https:\/\/www.micoulou-photos.com\/index.php\/2012\/06\/30\/digby-2\/","name":"digby - Micoulou Photographie","isPartOf":{"@id":"https:\/\/www.micoulou-photos.com\/#website"},"datePublished":"2012-06-30T22:22:00+00:00","breadcrumb":{"@id":"https:\/\/www.micoulou-photos.com\/index.php\/2012\/06\/30\/digby-2\/#breadcrumb"},"inLanguage":"fr-FR","potentialAction":[{"@type":"ReadAction","target":["https:\/\/www.micoulou-photos.com\/index.php\/2012\/06\/30\/digby-2\/"]}]},{"@type":"BreadcrumbList","@id":"https:\/\/www.micoulou-photos.com\/index.php\/2012\/06\/30\/digby-2\/#breadcrumb","itemListElement":[{"@type":"ListItem","position":1,"name":"Accueil","item":"https:\/\/www.micoulou-photos.com\/"},{"@type":"ListItem","position":2,"name":"digby"}]},{"@type":"WebSite","@id":"https:\/\/www.micoulou-photos.com\/#website","url":"https:\/\/www.micoulou-photos.com\/","name":"Micoulou Photographie","description":"Photographies, Visites virtuelles et formations par Mickael Minarie","publisher":{"@id":"https:\/\/www.micoulou-photos.com\/#organization"},"potentialAction":[{"@type":"SearchAction","target":{"@type":"EntryPoint","urlTemplate":"https:\/\/www.micoulou-photos.com\/?s={search_term_string}"},"query-input":{"@type":"PropertyValueSpecification","valueRequired":true,"valueName":"search_term_string"}}],"inLanguage":"fr-FR"},{"@type":"Organization","@id":"https:\/\/www.micoulou-photos.com\/#organization","name":"Micoulou Photographie","url":"https:\/\/www.micoulou-photos.com\/","logo":{"@type":"ImageObject","inLanguage":"fr-FR","@id":"https:\/\/www.micoulou-photos.com\/#\/schema\/logo\/image\/","url":"https:\/\/i0.wp.com\/www.micoulou-photos.com\/wp-content\/uploads\/2020\/05\/cropped-891667_552097324824916_1615181552_o-1.jpg?fit=643%2C722&ssl=1","contentUrl":"https:\/\/i0.wp.com\/www.micoulou-photos.com\/wp-content\/uploads\/2020\/05\/cropped-891667_552097324824916_1615181552_o-1.jpg?fit=643%2C722&ssl=1","width":643,"height":722,"caption":"Micoulou Photographie"},"image":{"@id":"https:\/\/www.micoulou-photos.com\/#\/schema\/logo\/image\/"}},{"@type":"Person","@id":"https:\/\/www.micoulou-photos.com\/#\/schema\/person\/6aedfe8ebe91da632f46e7c9d806a722","name":"micoulou","image":{"@type":"ImageObject","inLanguage":"fr-FR","@id":"https:\/\/secure.gravatar.com\/avatar\/98f892eb7d267eab2faa437baa3edd708deaaa43929316c0cc7b751a04cb247b?s=96&d=mm&r=g","url":"https:\/\/secure.gravatar.com\/avatar\/98f892eb7d267eab2faa437baa3edd708deaaa43929316c0cc7b751a04cb247b?s=96&d=mm&r=g","contentUrl":"https:\/\/secure.gravatar.com\/avatar\/98f892eb7d267eab2faa437baa3edd708deaaa43929316c0cc7b751a04cb247b?s=96&d=mm&r=g","caption":"micoulou"},"url":"https:\/\/www.micoulou-photos.com\/index.php\/author\/micoulou\/"}]}},"jetpack_publicize_connections":[],"jetpack_featured_media_url":"","jetpack_sharing_enabled":true,"jetpack_shortlink":"https:\/\/wp.me\/p7zKF4-1M","jetpack-related-posts":[{"id":204,"url":"https:\/\/www.micoulou-photos.com\/index.php\/2011\/04\/18\/2-jours-a-quebec\/","url_meta":{"origin":110,"position":0},"title":"2 jours \u00e0 Quebec","author":"micoulou","date":"18 avril 2011","format":false,"excerpt":"2 jours \u00e0 Quebec pour cloturer ce qui pourrait etre la deuxi\u00e8me \u00e9tape de mon voyage... La troisi\u00e8me etapeetant le grand saut vers l'inconnu qui commence aujourd'hui...Je suis donc revenu \u00e0 Quebec vendredi soir avec rosanne. o\u00f9 j'ai dormi la premi\u00e8re nuit au backpacker hostel. Le backpacker hostel \u00e9tait bien\u2026","rel":"","context":"Dans &quot;Non class\u00e9&quot;","block_context":{"text":"Non class\u00e9","link":"https:\/\/www.micoulou-photos.com\/index.php\/category\/non-classe\/"},"img":{"alt_text":"","src":"https:\/\/i0.wp.com\/3.bp.blogspot.com\/-sEaPK7Yf3f0\/TauNG7Xfq9I\/AAAAAAAAhBw\/BaoGPs-gHww\/s320\/IMGP0937.jpg?resize=350%2C200","width":350,"height":200},"classes":[]},{"id":94,"url":"https:\/\/www.micoulou-photos.com\/index.php\/2012\/09\/07\/jokulsarlon\/","url_meta":{"origin":110,"position":1},"title":"J\u00f6kuls\u00e1rl\u00f3n","author":"micoulou","date":"7 septembre 2012","format":false,"excerpt":"Une journ\u00e9e que j'ai pass\u00e9 avec une famille de polonais bien sympatique, avec qui je suis parti de l'auberge direction Hofn.Le \"clou\" de la journ\u00e9e etait le lac du glacier J\u00f6kuls\u00e1rl\u00f3n, mais il y avait pas mal d'autre coin sympa...","rel":"","context":"Dans &quot;Non class\u00e9&quot;","block_context":{"text":"Non class\u00e9","link":"https:\/\/www.micoulou-photos.com\/index.php\/category\/non-classe\/"},"img":{"alt_text":"","src":"https:\/\/i0.wp.com\/3.bp.blogspot.com\/-ulvPjDBTvMQ\/UDytSH3gvHI\/AAAAAAAA3Ao\/9zwTj1SFZG4\/s320\/IMGP2091.jpg?resize=350%2C200","width":350,"height":200},"classes":[]},{"id":202,"url":"https:\/\/www.micoulou-photos.com\/index.php\/2011\/04\/21\/quick-update\/","url_meta":{"origin":110,"position":2},"title":"Quick update","author":"micoulou","date":"21 avril 2011","format":false,"excerpt":"Une petite update rapide... Je pref\u00e8re attendre un peu avant de mettre quelque chose de plus long... Mes 2 jours \u00e0 Rivi\u00e8re du loup se sont bien pass\u00e9s, j'ai rencontr\u00e9 2 personnes sympa et j'ai visit\u00e9 le mus\u00e9e de la prison quebecoise bien interressant.Depuis hier soir, les erreurs et les\u2026","rel":"","context":"Dans &quot;Non class\u00e9&quot;","block_context":{"text":"Non class\u00e9","link":"https:\/\/www.micoulou-photos.com\/index.php\/category\/non-classe\/"},"img":{"alt_text":"","src":"","width":0,"height":0},"classes":[]},{"id":92,"url":"https:\/\/www.micoulou-photos.com\/index.php\/2012\/09\/09\/koln\/","url_meta":{"origin":110,"position":3},"title":"Koln","author":"micoulou","date":"9 septembre 2012","format":false,"excerpt":"Cologne en allemagne :Apr\u00e8s un long voyage de Hirtshals \u00e0 Cologne (plus de 24h dans les trains, avec une nuit tr\u00e8s mouvement\u00e9s car il a fallu dormir dans une gare qui craignait un peu, je suis rest\u00e9 24h \u00e0 Cologne, o\u00f9 j'ai dormis dans l'auberge de jeunesse (qui etait d'ailleurs\u2026","rel":"","context":"Dans &quot;Non class\u00e9&quot;","block_context":{"text":"Non class\u00e9","link":"https:\/\/www.micoulou-photos.com\/index.php\/category\/non-classe\/"},"img":{"alt_text":"","src":"https:\/\/i0.wp.com\/4.bp.blogspot.com\/-JFPQVJRo4Lw\/UD1DP89hfOI\/AAAAAAAA3po\/xXchwXz33vw\/s320\/IMGP2769.jpg?resize=350%2C200","width":350,"height":200},"classes":[]},{"id":205,"url":"https:\/\/www.micoulou-photos.com\/index.php\/2011\/04\/16\/quelques-jours-a-riviere-du-loup\/","url_meta":{"origin":110,"position":4},"title":"Quelques jours \u00e0 Rivi\u00e8re du loup&#8230;","author":"micoulou","date":"16 avril 2011","format":false,"excerpt":"Quelques jours sans nouvelles ... Mais qui ont \u00e9t\u00e9 plutot positive pour moi...Arriv\u00e9 \u00e0 Rivi\u00e8re du loup :J'arrive \u00e0 la gare de bus, qui a \u00e9t\u00e9 deplac\u00e9 depuis que le guide du routard (2007, oui, je sais...) a \u00e9t\u00e9 \u00e9dit\u00e9... Je me retrouve un peu perdu dans la ville, enfin\u2026","rel":"","context":"Dans &quot;Non class\u00e9&quot;","block_context":{"text":"Non class\u00e9","link":"https:\/\/www.micoulou-photos.com\/index.php\/category\/non-classe\/"},"img":{"alt_text":"","src":"https:\/\/i0.wp.com\/3.bp.blogspot.com\/-XNDQhZ3EpEM\/Tae7bYztRkI\/AAAAAAAAg0g\/Q6em0QJwu8s\/s320\/IMG_0991.jpg?resize=350%2C200","width":350,"height":200},"classes":[]},{"id":163,"url":"https:\/\/www.micoulou-photos.com\/index.php\/2011\/08\/08\/retour-en-terrain-presque-connu\/","url_meta":{"origin":110,"position":5},"title":"retour en terrain (presque) connu","author":"micoulou","date":"8 ao\u00fbt 2011","format":false,"excerpt":"Bonjour \u00e0 tous les lecteurs de ce blog,Comme vous le savez peut etre, le wwoofing est termin\u00e9 pour moi pour le moment, il est tant de continuer le voyage et bientot de revenir dans un travail en informatique...Je suis donc repass\u00e9 \u00e0 Montreal et \u00e0 Quebec... Peu de photos en\u2026","rel":"","context":"Dans &quot;Non class\u00e9&quot;","block_context":{"text":"Non class\u00e9","link":"https:\/\/www.micoulou-photos.com\/index.php\/category\/non-classe\/"},"img":{"alt_text":"","src":"","width":0,"height":0},"classes":[]}],"_links":{"self":[{"href":"https:\/\/www.micoulou-photos.com\/index.php\/wp-json\/wp\/v2\/posts\/110","targetHints":{"allow":["GET"]}}],"collection":[{"href":"https:\/\/www.micoulou-photos.com\/index.php\/wp-json\/wp\/v2\/posts"}],"about":[{"href":"https:\/\/www.micoulou-photos.com\/index.php\/wp-json\/wp\/v2\/types\/post"}],"author":[{"embeddable":true,"href":"https:\/\/www.micoulou-photos.com\/index.php\/wp-json\/wp\/v2\/users\/1"}],"replies":[{"embeddable":true,"href":"https:\/\/www.micoulou-photos.com\/index.php\/wp-json\/wp\/v2\/comments?post=110"}],"version-history":[{"count":0,"href":"https:\/\/www.micoulou-photos.com\/index.php\/wp-json\/wp\/v2\/posts\/110\/revisions"}],"wp:attachment":[{"href":"https:\/\/www.micoulou-photos.com\/index.php\/wp-json\/wp\/v2\/media?parent=110"}],"wp:term":[{"taxonomy":"category","embeddable":true,"href":"https:\/\/www.micoulou-photos.com\/index.php\/wp-json\/wp\/v2\/categories?post=110"},{"taxonomy":"post_tag","embeddable":true,"href":"https:\/\/www.micoulou-photos.com\/index.php\/wp-json\/wp\/v2\/tags?post=110"}],"curies":[{"name":"wp","href":"https:\/\/api.w.org\/{rel}","templated":true}]}}