{"id":105,"date":"2012-07-27T11:37:00","date_gmt":"2012-07-27T10:37:00","guid":{"rendered":"http:\/\/micoulou.info\/wp\/index.php\/2012\/07\/27\/campbelton\/"},"modified":"2012-07-27T11:37:00","modified_gmt":"2012-07-27T10:37:00","slug":"campbelton","status":"publish","type":"post","link":"https:\/\/www.micoulou-photos.com\/index.php\/2012\/07\/27\/campbelton\/","title":{"rendered":"Campbelton"},"content":{"rendered":"<div style=\"clear: both; text-align: center;\"><\/div>\n<div style=\"clear: both; text-align: center;\"><\/div>\n<div style=\"clear: both; text-align: center;\"><\/div>\n<div style=\"clear: both; text-align: center;\"><\/div>\n<div style=\"clear: both; text-align: center;\"><\/div>\n<div style=\"clear: both; text-align: center;\"><\/div>\n<div style=\"clear: both; text-align: center;\"><\/div>\n<div style=\"clear: both; text-align: center;\"><\/div>\n<div style=\"clear: both; text-align: center;\"><a href=\"https:\/\/i0.wp.com\/4.bp.blogspot.com\/-MFI8H3uQj04\/UBGJb-n1FEI\/AAAAAAAAy3k\/v2oH4t0jSww\/s1600\/IMGP9390.jpg\" style=\"margin-left: 1em; margin-right: 1em;\"><img data-recalc-dims=\"1\" fetchpriority=\"high\" decoding=\"async\" border=\"0\" height=\"214\" src=\"https:\/\/i0.wp.com\/4.bp.blogspot.com\/-MFI8H3uQj04\/UBGJb-n1FEI\/AAAAAAAAy3k\/v2oH4t0jSww\/s320\/IMGP9390.jpg?resize=320%2C214\" width=\"320\" \/><\/a><\/div>\n<p>&nbsp;Elles sont enfin trait\u00e9s, les photos de Campbelton, premiere destination de mon periple le 18 juin, a la frontiere entre le quebec et le NB.<\/p>\n<div style=\"clear: both; text-align: center;\"><a href=\"https:\/\/i0.wp.com\/2.bp.blogspot.com\/-t-M1JxI7r-c\/UBGJiSDlJOI\/AAAAAAAAy30\/rklJf9eIWXI\/s1600\/IMGP9391.jpg\" style=\"margin-left: 1em; margin-right: 1em;\"><img data-recalc-dims=\"1\" decoding=\"async\" border=\"0\" height=\"214\" src=\"https:\/\/i0.wp.com\/2.bp.blogspot.com\/-t-M1JxI7r-c\/UBGJiSDlJOI\/AAAAAAAAy30\/rklJf9eIWXI\/s320\/IMGP9391.jpg?resize=320%2C214\" width=\"320\" \/><\/a><\/div>\n<p><\/p>\n<div style=\"clear: both; text-align: center;\"><a href=\"https:\/\/i0.wp.com\/1.bp.blogspot.com\/-l-xrMLzYUBI\/UBGJqXpLZlI\/AAAAAAAAy4Q\/utV7u8-MMBc\/s1600\/IMGP9407.jpg\" style=\"margin-left: 1em; margin-right: 1em;\"><img data-recalc-dims=\"1\" decoding=\"async\" border=\"0\" height=\"214\" src=\"https:\/\/i0.wp.com\/1.bp.blogspot.com\/-l-xrMLzYUBI\/UBGJqXpLZlI\/AAAAAAAAy4Q\/utV7u8-MMBc\/s320\/IMGP9407.jpg?resize=320%2C214\" width=\"320\" \/><\/a><\/div>\n<p><\/p>\n<div style=\"clear: both; text-align: center;\"><a href=\"https:\/\/i0.wp.com\/3.bp.blogspot.com\/-D0e8cZie14U\/UBGJsGyU22I\/AAAAAAAAy4g\/0nZw_rjswMw\/s1600\/IMGP9422.jpg\" style=\"margin-left: 1em; margin-right: 1em;\"><img data-recalc-dims=\"1\" loading=\"lazy\" decoding=\"async\" border=\"0\" height=\"214\" src=\"https:\/\/i0.wp.com\/3.bp.blogspot.com\/-D0e8cZie14U\/UBGJsGyU22I\/AAAAAAAAy4g\/0nZw_rjswMw\/s320\/IMGP9422.jpg?resize=320%2C214\" width=\"320\" \/><\/a><\/div>\n<p><\/p>\n<div style=\"clear: both; text-align: center;\"><a href=\"https:\/\/i0.wp.com\/2.bp.blogspot.com\/-a4VZP8327WE\/UBGJ5VhJXWI\/AAAAAAAAy5I\/Jo4_SAr4ofA\/s1600\/IMGP9432.jpg\" style=\"margin-left: 1em; margin-right: 1em;\"><img data-recalc-dims=\"1\" loading=\"lazy\" decoding=\"async\" border=\"0\" height=\"214\" src=\"https:\/\/i0.wp.com\/2.bp.blogspot.com\/-a4VZP8327WE\/UBGJ5VhJXWI\/AAAAAAAAy5I\/Jo4_SAr4ofA\/s320\/IMGP9432.jpg?resize=320%2C214\" width=\"320\" \/><\/a><\/div>\n<p><\/p>\n<div style=\"clear: both; text-align: center;\"><a href=\"https:\/\/i0.wp.com\/3.bp.blogspot.com\/-3cTaeyLpwRE\/UBGKJdSvAjI\/AAAAAAAAy6A\/uY67efN-76M\/s1600\/IMGP9481.jpg\" style=\"margin-left: 1em; margin-right: 1em;\"><img data-recalc-dims=\"1\" loading=\"lazy\" decoding=\"async\" border=\"0\" height=\"320\" src=\"https:\/\/i0.wp.com\/3.bp.blogspot.com\/-3cTaeyLpwRE\/UBGKJdSvAjI\/AAAAAAAAy6A\/uY67efN-76M\/s320\/IMGP9481.jpg?resize=214%2C320\" width=\"214\" \/><\/a><\/div>\n<p><\/p>\n<div style=\"clear: both; text-align: center;\"><a href=\"https:\/\/i0.wp.com\/2.bp.blogspot.com\/-4kg8Wv1gfmQ\/UBGKSCHlNTI\/AAAAAAAAy6Y\/wyMFItcVuic\/s1600\/IMGP9484.jpg\" style=\"margin-left: 1em; margin-right: 1em;\"><img data-recalc-dims=\"1\" loading=\"lazy\" decoding=\"async\" border=\"0\" height=\"214\" src=\"https:\/\/i0.wp.com\/2.bp.blogspot.com\/-4kg8Wv1gfmQ\/UBGKSCHlNTI\/AAAAAAAAy6Y\/wyMFItcVuic\/s320\/IMGP9484.jpg?resize=320%2C214\" width=\"320\" \/><\/a><\/div>\n<p><\/p>\n<div style=\"clear: both; text-align: center;\"><a href=\"https:\/\/i0.wp.com\/3.bp.blogspot.com\/-3RmNYV5Nx_k\/UBGKZ8a_NBI\/AAAAAAAAy60\/YECDQdiiY7A\/s1600\/IMGP9498.jpg\" style=\"margin-left: 1em; margin-right: 1em;\"><img data-recalc-dims=\"1\" loading=\"lazy\" decoding=\"async\" border=\"0\" height=\"214\" src=\"https:\/\/i0.wp.com\/3.bp.blogspot.com\/-3RmNYV5Nx_k\/UBGKZ8a_NBI\/AAAAAAAAy60\/YECDQdiiY7A\/s320\/IMGP9498.jpg?resize=320%2C214\" width=\"320\" \/><\/a><\/div>\n<p><\/p>\n<div style=\"clear: both; text-align: center;\"><a href=\"https:\/\/i0.wp.com\/3.bp.blogspot.com\/-4aJyy3Ts7O0\/UBGKnJbJnEI\/AAAAAAAAy7Y\/3XbXdTQ1HjI\/s1600\/IMGP9506.jpg\" style=\"margin-left: 1em; margin-right: 1em;\"><img data-recalc-dims=\"1\" loading=\"lazy\" decoding=\"async\" border=\"0\" height=\"214\" src=\"https:\/\/i0.wp.com\/3.bp.blogspot.com\/-4aJyy3Ts7O0\/UBGKnJbJnEI\/AAAAAAAAy7Y\/3XbXdTQ1HjI\/s320\/IMGP9506.jpg?resize=320%2C214\" width=\"320\" \/><\/a><\/div>\n<p><\/p>\n<div style=\"clear: both; text-align: center;\"><a href=\"https:\/\/i0.wp.com\/1.bp.blogspot.com\/-Yo1mJkGeC3E\/UBGKs-zl-9I\/AAAAAAAAy70\/ATsQ5kUKuag\/s1600\/IMGP9517.jpg\" style=\"margin-left: 1em; margin-right: 1em;\"><img data-recalc-dims=\"1\" loading=\"lazy\" decoding=\"async\" border=\"0\" height=\"175\" src=\"https:\/\/i0.wp.com\/1.bp.blogspot.com\/-Yo1mJkGeC3E\/UBGKs-zl-9I\/AAAAAAAAy70\/ATsQ5kUKuag\/s320\/IMGP9517.jpg?resize=320%2C175\" width=\"320\" \/><\/a><\/div>\n<p><\/p>\n<div style=\"clear: both; text-align: center;\"><a href=\"https:\/\/i0.wp.com\/1.bp.blogspot.com\/-4fvEqfSYDDw\/UBGKoRJhMAI\/AAAAAAAAy7g\/zB6x8EMCLJk\/s1600\/IMGP9514.jpg\" style=\"margin-left: 1em; margin-right: 1em;\"><img data-recalc-dims=\"1\" loading=\"lazy\" decoding=\"async\" border=\"0\" height=\"158\" src=\"https:\/\/i0.wp.com\/1.bp.blogspot.com\/-4fvEqfSYDDw\/UBGKoRJhMAI\/AAAAAAAAy7g\/zB6x8EMCLJk\/s320\/IMGP9514.jpg?resize=320%2C158\" width=\"320\" \/><\/a><\/div>\n<p><\/p>\n<div style=\"clear: both; text-align: center;\"><a href=\"https:\/\/i0.wp.com\/3.bp.blogspot.com\/-caP-7VTqBks\/UBGKzH_jwzI\/AAAAAAAAy8A\/R5nKOOXb1jQ\/s1600\/IMGP9519.jpg\" style=\"margin-left: 1em; margin-right: 1em;\"><img data-recalc-dims=\"1\" loading=\"lazy\" decoding=\"async\" border=\"0\" height=\"214\" src=\"https:\/\/i0.wp.com\/3.bp.blogspot.com\/-caP-7VTqBks\/UBGKzH_jwzI\/AAAAAAAAy8A\/R5nKOOXb1jQ\/s320\/IMGP9519.jpg?resize=320%2C214\" width=\"320\" \/><\/a><\/div>\n<p><\/p>\n<div style=\"clear: both; text-align: center;\"><a href=\"https:\/\/i0.wp.com\/2.bp.blogspot.com\/-PpfPggrX9cM\/UBGK4rW5VyI\/AAAAAAAAy8Y\/H6MACT1AqSQ\/s1600\/IMGP9524.jpg\" style=\"margin-left: 1em; margin-right: 1em;\"><img data-recalc-dims=\"1\" loading=\"lazy\" decoding=\"async\" border=\"0\" height=\"214\" src=\"https:\/\/i0.wp.com\/2.bp.blogspot.com\/-PpfPggrX9cM\/UBGK4rW5VyI\/AAAAAAAAy8Y\/H6MACT1AqSQ\/s320\/IMGP9524.jpg?resize=320%2C214\" width=\"320\" \/><\/a><\/div>\n<p><\/p>\n<div style=\"clear: both; text-align: center;\"><a href=\"https:\/\/i0.wp.com\/2.bp.blogspot.com\/-OqNZBSGtMXk\/UBGK1PhQ1oI\/AAAAAAAAy8Q\/189j9osmelo\/s1600\/IMGP9521.jpg\" style=\"margin-left: 1em; margin-right: 1em;\"><img data-recalc-dims=\"1\" loading=\"lazy\" decoding=\"async\" border=\"0\" height=\"214\" src=\"https:\/\/i0.wp.com\/2.bp.blogspot.com\/-OqNZBSGtMXk\/UBGK1PhQ1oI\/AAAAAAAAy8Q\/189j9osmelo\/s320\/IMGP9521.jpg?resize=320%2C214\" width=\"320\" \/><\/a><\/div>\n<p><\/p>\n","protected":false},"excerpt":{"rendered":"<p>&nbsp;Elles sont enfin trait\u00e9s, les photos de Campbelton, premiere destination de mon periple le 18 juin, a la frontiere entre le quebec et le NB.<\/p>\n","protected":false},"author":1,"featured_media":0,"comment_status":"open","ping_status":"open","sticky":false,"template":"","format":"standard","meta":{"jetpack_post_was_ever_published":false,"_jetpack_newsletter_access":"","_jetpack_dont_email_post_to_subs":false,"_jetpack_newsletter_tier_id":0,"_jetpack_memberships_contains_paywalled_content":false,"_jetpack_memberships_contains_paid_content":false,"footnotes":"","jetpack_publicize_message":"","jetpack_publicize_feature_enabled":true,"jetpack_social_post_already_shared":false,"jetpack_social_options":{"image_generator_settings":{"template":"highway","default_image_id":0,"font":"","enabled":false},"version":2}},"categories":[1],"tags":[],"class_list":["post-105","post","type-post","status-publish","format-standard","hentry","category-non-classe"],"yoast_head":"<!-- This site is optimized with the Yoast SEO plugin v27.5 - https:\/\/yoast.com\/product\/yoast-seo-wordpress\/ -->\n<title>Campbelton - Micoulou Photographie<\/title>\n<meta name=\"robots\" content=\"index, follow, max-snippet:-1, max-image-preview:large, max-video-preview:-1\" \/>\n<link rel=\"canonical\" href=\"https:\/\/www.micoulou-photos.com\/index.php\/2012\/07\/27\/campbelton\/\" \/>\n<meta property=\"og:locale\" content=\"fr_FR\" \/>\n<meta property=\"og:type\" content=\"article\" \/>\n<meta property=\"og:title\" content=\"Campbelton - Micoulou Photographie\" \/>\n<meta property=\"og:description\" content=\"&nbsp;Elles sont enfin trait\u00e9s, les photos de Campbelton, premiere destination de mon periple le 18 juin, a la frontiere entre le quebec et le NB.\" \/>\n<meta property=\"og:url\" content=\"https:\/\/www.micoulou-photos.com\/index.php\/2012\/07\/27\/campbelton\/\" \/>\n<meta property=\"og:site_name\" content=\"Micoulou Photographie\" \/>\n<meta property=\"article:published_time\" content=\"2012-07-27T10:37:00+00:00\" \/>\n<meta property=\"og:image\" content=\"http:\/\/4.bp.blogspot.com\/-MFI8H3uQj04\/UBGJb-n1FEI\/AAAAAAAAy3k\/v2oH4t0jSww\/s320\/IMGP9390.jpg\" \/>\n<meta name=\"author\" content=\"micoulou\" \/>\n<meta name=\"twitter:card\" content=\"summary_large_image\" \/>\n<meta name=\"twitter:label1\" content=\"\u00c9crit par\" \/>\n\t<meta name=\"twitter:data1\" content=\"micoulou\" \/>\n<script type=\"application\/ld+json\" class=\"yoast-schema-graph\">{\"@context\":\"https:\\\/\\\/schema.org\",\"@graph\":[{\"@type\":\"Article\",\"@id\":\"https:\\\/\\\/www.micoulou-photos.com\\\/index.php\\\/2012\\\/07\\\/27\\\/campbelton\\\/#article\",\"isPartOf\":{\"@id\":\"https:\\\/\\\/www.micoulou-photos.com\\\/index.php\\\/2012\\\/07\\\/27\\\/campbelton\\\/\"},\"author\":{\"name\":\"micoulou\",\"@id\":\"https:\\\/\\\/www.micoulou-photos.com\\\/#\\\/schema\\\/person\\\/6aedfe8ebe91da632f46e7c9d806a722\"},\"headline\":\"Campbelton\",\"datePublished\":\"2012-07-27T10:37:00+00:00\",\"mainEntityOfPage\":{\"@id\":\"https:\\\/\\\/www.micoulou-photos.com\\\/index.php\\\/2012\\\/07\\\/27\\\/campbelton\\\/\"},\"wordCount\":27,\"commentCount\":0,\"publisher\":{\"@id\":\"https:\\\/\\\/www.micoulou-photos.com\\\/#organization\"},\"image\":{\"@id\":\"https:\\\/\\\/www.micoulou-photos.com\\\/index.php\\\/2012\\\/07\\\/27\\\/campbelton\\\/#primaryimage\"},\"thumbnailUrl\":\"http:\\\/\\\/4.bp.blogspot.com\\\/-MFI8H3uQj04\\\/UBGJb-n1FEI\\\/AAAAAAAAy3k\\\/v2oH4t0jSww\\\/s320\\\/IMGP9390.jpg\",\"inLanguage\":\"fr-FR\",\"potentialAction\":[{\"@type\":\"CommentAction\",\"name\":\"Comment\",\"target\":[\"https:\\\/\\\/www.micoulou-photos.com\\\/index.php\\\/2012\\\/07\\\/27\\\/campbelton\\\/#respond\"]}]},{\"@type\":\"WebPage\",\"@id\":\"https:\\\/\\\/www.micoulou-photos.com\\\/index.php\\\/2012\\\/07\\\/27\\\/campbelton\\\/\",\"url\":\"https:\\\/\\\/www.micoulou-photos.com\\\/index.php\\\/2012\\\/07\\\/27\\\/campbelton\\\/\",\"name\":\"Campbelton - Micoulou Photographie\",\"isPartOf\":{\"@id\":\"https:\\\/\\\/www.micoulou-photos.com\\\/#website\"},\"primaryImageOfPage\":{\"@id\":\"https:\\\/\\\/www.micoulou-photos.com\\\/index.php\\\/2012\\\/07\\\/27\\\/campbelton\\\/#primaryimage\"},\"image\":{\"@id\":\"https:\\\/\\\/www.micoulou-photos.com\\\/index.php\\\/2012\\\/07\\\/27\\\/campbelton\\\/#primaryimage\"},\"thumbnailUrl\":\"http:\\\/\\\/4.bp.blogspot.com\\\/-MFI8H3uQj04\\\/UBGJb-n1FEI\\\/AAAAAAAAy3k\\\/v2oH4t0jSww\\\/s320\\\/IMGP9390.jpg\",\"datePublished\":\"2012-07-27T10:37:00+00:00\",\"breadcrumb\":{\"@id\":\"https:\\\/\\\/www.micoulou-photos.com\\\/index.php\\\/2012\\\/07\\\/27\\\/campbelton\\\/#breadcrumb\"},\"inLanguage\":\"fr-FR\",\"potentialAction\":[{\"@type\":\"ReadAction\",\"target\":[\"https:\\\/\\\/www.micoulou-photos.com\\\/index.php\\\/2012\\\/07\\\/27\\\/campbelton\\\/\"]}]},{\"@type\":\"ImageObject\",\"inLanguage\":\"fr-FR\",\"@id\":\"https:\\\/\\\/www.micoulou-photos.com\\\/index.php\\\/2012\\\/07\\\/27\\\/campbelton\\\/#primaryimage\",\"url\":\"http:\\\/\\\/4.bp.blogspot.com\\\/-MFI8H3uQj04\\\/UBGJb-n1FEI\\\/AAAAAAAAy3k\\\/v2oH4t0jSww\\\/s320\\\/IMGP9390.jpg\",\"contentUrl\":\"http:\\\/\\\/4.bp.blogspot.com\\\/-MFI8H3uQj04\\\/UBGJb-n1FEI\\\/AAAAAAAAy3k\\\/v2oH4t0jSww\\\/s320\\\/IMGP9390.jpg\"},{\"@type\":\"BreadcrumbList\",\"@id\":\"https:\\\/\\\/www.micoulou-photos.com\\\/index.php\\\/2012\\\/07\\\/27\\\/campbelton\\\/#breadcrumb\",\"itemListElement\":[{\"@type\":\"ListItem\",\"position\":1,\"name\":\"Accueil\",\"item\":\"https:\\\/\\\/www.micoulou-photos.com\\\/\"},{\"@type\":\"ListItem\",\"position\":2,\"name\":\"Campbelton\"}]},{\"@type\":\"WebSite\",\"@id\":\"https:\\\/\\\/www.micoulou-photos.com\\\/#website\",\"url\":\"https:\\\/\\\/www.micoulou-photos.com\\\/\",\"name\":\"Micoulou Photographie\",\"description\":\"Photographies, Visites virtuelles et formations par Mickael Minarie\",\"publisher\":{\"@id\":\"https:\\\/\\\/www.micoulou-photos.com\\\/#organization\"},\"potentialAction\":[{\"@type\":\"SearchAction\",\"target\":{\"@type\":\"EntryPoint\",\"urlTemplate\":\"https:\\\/\\\/www.micoulou-photos.com\\\/?s={search_term_string}\"},\"query-input\":{\"@type\":\"PropertyValueSpecification\",\"valueRequired\":true,\"valueName\":\"search_term_string\"}}],\"inLanguage\":\"fr-FR\"},{\"@type\":\"Organization\",\"@id\":\"https:\\\/\\\/www.micoulou-photos.com\\\/#organization\",\"name\":\"Micoulou Photographie\",\"url\":\"https:\\\/\\\/www.micoulou-photos.com\\\/\",\"logo\":{\"@type\":\"ImageObject\",\"inLanguage\":\"fr-FR\",\"@id\":\"https:\\\/\\\/www.micoulou-photos.com\\\/#\\\/schema\\\/logo\\\/image\\\/\",\"url\":\"https:\\\/\\\/i0.wp.com\\\/www.micoulou-photos.com\\\/wp-content\\\/uploads\\\/2020\\\/05\\\/cropped-891667_552097324824916_1615181552_o-1.jpg?fit=643%2C722&ssl=1\",\"contentUrl\":\"https:\\\/\\\/i0.wp.com\\\/www.micoulou-photos.com\\\/wp-content\\\/uploads\\\/2020\\\/05\\\/cropped-891667_552097324824916_1615181552_o-1.jpg?fit=643%2C722&ssl=1\",\"width\":643,\"height\":722,\"caption\":\"Micoulou Photographie\"},\"image\":{\"@id\":\"https:\\\/\\\/www.micoulou-photos.com\\\/#\\\/schema\\\/logo\\\/image\\\/\"}},{\"@type\":\"Person\",\"@id\":\"https:\\\/\\\/www.micoulou-photos.com\\\/#\\\/schema\\\/person\\\/6aedfe8ebe91da632f46e7c9d806a722\",\"name\":\"micoulou\",\"image\":{\"@type\":\"ImageObject\",\"inLanguage\":\"fr-FR\",\"@id\":\"https:\\\/\\\/secure.gravatar.com\\\/avatar\\\/98f892eb7d267eab2faa437baa3edd708deaaa43929316c0cc7b751a04cb247b?s=96&d=mm&r=g\",\"url\":\"https:\\\/\\\/secure.gravatar.com\\\/avatar\\\/98f892eb7d267eab2faa437baa3edd708deaaa43929316c0cc7b751a04cb247b?s=96&d=mm&r=g\",\"contentUrl\":\"https:\\\/\\\/secure.gravatar.com\\\/avatar\\\/98f892eb7d267eab2faa437baa3edd708deaaa43929316c0cc7b751a04cb247b?s=96&d=mm&r=g\",\"caption\":\"micoulou\"},\"url\":\"https:\\\/\\\/www.micoulou-photos.com\\\/index.php\\\/author\\\/micoulou\\\/\"}]}<\/script>\n<!-- \/ Yoast SEO plugin. -->","yoast_head_json":{"title":"Campbelton - Micoulou Photographie","robots":{"index":"index","follow":"follow","max-snippet":"max-snippet:-1","max-image-preview":"max-image-preview:large","max-video-preview":"max-video-preview:-1"},"canonical":"https:\/\/www.micoulou-photos.com\/index.php\/2012\/07\/27\/campbelton\/","og_locale":"fr_FR","og_type":"article","og_title":"Campbelton - Micoulou Photographie","og_description":"&nbsp;Elles sont enfin trait\u00e9s, les photos de Campbelton, premiere destination de mon periple le 18 juin, a la frontiere entre le quebec et le NB.","og_url":"https:\/\/www.micoulou-photos.com\/index.php\/2012\/07\/27\/campbelton\/","og_site_name":"Micoulou Photographie","article_published_time":"2012-07-27T10:37:00+00:00","og_image":[{"url":"http:\/\/4.bp.blogspot.com\/-MFI8H3uQj04\/UBGJb-n1FEI\/AAAAAAAAy3k\/v2oH4t0jSww\/s320\/IMGP9390.jpg","type":"","width":"","height":""}],"author":"micoulou","twitter_card":"summary_large_image","twitter_misc":{"\u00c9crit par":"micoulou"},"schema":{"@context":"https:\/\/schema.org","@graph":[{"@type":"Article","@id":"https:\/\/www.micoulou-photos.com\/index.php\/2012\/07\/27\/campbelton\/#article","isPartOf":{"@id":"https:\/\/www.micoulou-photos.com\/index.php\/2012\/07\/27\/campbelton\/"},"author":{"name":"micoulou","@id":"https:\/\/www.micoulou-photos.com\/#\/schema\/person\/6aedfe8ebe91da632f46e7c9d806a722"},"headline":"Campbelton","datePublished":"2012-07-27T10:37:00+00:00","mainEntityOfPage":{"@id":"https:\/\/www.micoulou-photos.com\/index.php\/2012\/07\/27\/campbelton\/"},"wordCount":27,"commentCount":0,"publisher":{"@id":"https:\/\/www.micoulou-photos.com\/#organization"},"image":{"@id":"https:\/\/www.micoulou-photos.com\/index.php\/2012\/07\/27\/campbelton\/#primaryimage"},"thumbnailUrl":"http:\/\/4.bp.blogspot.com\/-MFI8H3uQj04\/UBGJb-n1FEI\/AAAAAAAAy3k\/v2oH4t0jSww\/s320\/IMGP9390.jpg","inLanguage":"fr-FR","potentialAction":[{"@type":"CommentAction","name":"Comment","target":["https:\/\/www.micoulou-photos.com\/index.php\/2012\/07\/27\/campbelton\/#respond"]}]},{"@type":"WebPage","@id":"https:\/\/www.micoulou-photos.com\/index.php\/2012\/07\/27\/campbelton\/","url":"https:\/\/www.micoulou-photos.com\/index.php\/2012\/07\/27\/campbelton\/","name":"Campbelton - Micoulou Photographie","isPartOf":{"@id":"https:\/\/www.micoulou-photos.com\/#website"},"primaryImageOfPage":{"@id":"https:\/\/www.micoulou-photos.com\/index.php\/2012\/07\/27\/campbelton\/#primaryimage"},"image":{"@id":"https:\/\/www.micoulou-photos.com\/index.php\/2012\/07\/27\/campbelton\/#primaryimage"},"thumbnailUrl":"http:\/\/4.bp.blogspot.com\/-MFI8H3uQj04\/UBGJb-n1FEI\/AAAAAAAAy3k\/v2oH4t0jSww\/s320\/IMGP9390.jpg","datePublished":"2012-07-27T10:37:00+00:00","breadcrumb":{"@id":"https:\/\/www.micoulou-photos.com\/index.php\/2012\/07\/27\/campbelton\/#breadcrumb"},"inLanguage":"fr-FR","potentialAction":[{"@type":"ReadAction","target":["https:\/\/www.micoulou-photos.com\/index.php\/2012\/07\/27\/campbelton\/"]}]},{"@type":"ImageObject","inLanguage":"fr-FR","@id":"https:\/\/www.micoulou-photos.com\/index.php\/2012\/07\/27\/campbelton\/#primaryimage","url":"http:\/\/4.bp.blogspot.com\/-MFI8H3uQj04\/UBGJb-n1FEI\/AAAAAAAAy3k\/v2oH4t0jSww\/s320\/IMGP9390.jpg","contentUrl":"http:\/\/4.bp.blogspot.com\/-MFI8H3uQj04\/UBGJb-n1FEI\/AAAAAAAAy3k\/v2oH4t0jSww\/s320\/IMGP9390.jpg"},{"@type":"BreadcrumbList","@id":"https:\/\/www.micoulou-photos.com\/index.php\/2012\/07\/27\/campbelton\/#breadcrumb","itemListElement":[{"@type":"ListItem","position":1,"name":"Accueil","item":"https:\/\/www.micoulou-photos.com\/"},{"@type":"ListItem","position":2,"name":"Campbelton"}]},{"@type":"WebSite","@id":"https:\/\/www.micoulou-photos.com\/#website","url":"https:\/\/www.micoulou-photos.com\/","name":"Micoulou Photographie","description":"Photographies, Visites virtuelles et formations par Mickael Minarie","publisher":{"@id":"https:\/\/www.micoulou-photos.com\/#organization"},"potentialAction":[{"@type":"SearchAction","target":{"@type":"EntryPoint","urlTemplate":"https:\/\/www.micoulou-photos.com\/?s={search_term_string}"},"query-input":{"@type":"PropertyValueSpecification","valueRequired":true,"valueName":"search_term_string"}}],"inLanguage":"fr-FR"},{"@type":"Organization","@id":"https:\/\/www.micoulou-photos.com\/#organization","name":"Micoulou Photographie","url":"https:\/\/www.micoulou-photos.com\/","logo":{"@type":"ImageObject","inLanguage":"fr-FR","@id":"https:\/\/www.micoulou-photos.com\/#\/schema\/logo\/image\/","url":"https:\/\/i0.wp.com\/www.micoulou-photos.com\/wp-content\/uploads\/2020\/05\/cropped-891667_552097324824916_1615181552_o-1.jpg?fit=643%2C722&ssl=1","contentUrl":"https:\/\/i0.wp.com\/www.micoulou-photos.com\/wp-content\/uploads\/2020\/05\/cropped-891667_552097324824916_1615181552_o-1.jpg?fit=643%2C722&ssl=1","width":643,"height":722,"caption":"Micoulou Photographie"},"image":{"@id":"https:\/\/www.micoulou-photos.com\/#\/schema\/logo\/image\/"}},{"@type":"Person","@id":"https:\/\/www.micoulou-photos.com\/#\/schema\/person\/6aedfe8ebe91da632f46e7c9d806a722","name":"micoulou","image":{"@type":"ImageObject","inLanguage":"fr-FR","@id":"https:\/\/secure.gravatar.com\/avatar\/98f892eb7d267eab2faa437baa3edd708deaaa43929316c0cc7b751a04cb247b?s=96&d=mm&r=g","url":"https:\/\/secure.gravatar.com\/avatar\/98f892eb7d267eab2faa437baa3edd708deaaa43929316c0cc7b751a04cb247b?s=96&d=mm&r=g","contentUrl":"https:\/\/secure.gravatar.com\/avatar\/98f892eb7d267eab2faa437baa3edd708deaaa43929316c0cc7b751a04cb247b?s=96&d=mm&r=g","caption":"micoulou"},"url":"https:\/\/www.micoulou-photos.com\/index.php\/author\/micoulou\/"}]}},"jetpack_publicize_connections":[],"jetpack_featured_media_url":"","jetpack_sharing_enabled":true,"jetpack_shortlink":"https:\/\/wp.me\/p7zKF4-1H","jetpack-related-posts":[{"id":114,"url":"https:\/\/www.micoulou-photos.com\/index.php\/2012\/06\/23\/campbelton-2\/","url_meta":{"origin":105,"position":0},"title":"Campbelton","author":"micoulou","date":"23 juin 2012","format":false,"excerpt":"L'auberge de jeunesse.voici la premi\u00e8re destination de mon voyage, Campbelton, au nouveau Brunswick... On est ici a la frontiere entre la Gasp\u00e9sie au Qu\u00e9bec et le nouveau brunswick (il suffit de traverser le pont pour passer de l'un a l'autre. C'est une ville, comme Moncton, bilingue fran\u00e7ais\/anglais. L'auberge de jeunesse\u2026","rel":"","context":"Dans &quot;Non class\u00e9&quot;","block_context":{"text":"Non class\u00e9","link":"https:\/\/www.micoulou-photos.com\/index.php\/category\/non-classe\/"},"img":{"alt_text":"","src":"https:\/\/i0.wp.com\/3.bp.blogspot.com\/-FWNEBErUze0\/T-Yb_k9nYWI\/AAAAAAAAywE\/sU1NWuIDk4Q\/s320\/IMGP9423.jpg?resize=350%2C200","width":350,"height":200},"classes":[]},{"id":115,"url":"https:\/\/www.micoulou-photos.com\/index.php\/2012\/06\/21\/train-locean-entre-montreal-et-campbelton\/","url_meta":{"origin":105,"position":1},"title":"Train \u00ab\u00a0L&rsquo;Ocean\u00a0\u00bb entre Montr\u00e9al et Campbelton","author":"micoulou","date":"21 juin 2012","format":false,"excerpt":"J'ai donc repris, pour commencer mon voyage, le train l'Ocean, avec Via Rail... Je me suis arret\u00e9 a Campbelton mais je l'ai repris le lendemain matin de Campbelton a Moncton (le train va jusqu'a Halifax, le trajet total est de 18h).Le paysage etait sympa, meme si on passe dans la\u2026","rel":"","context":"Dans &quot;Non class\u00e9&quot;","block_context":{"text":"Non class\u00e9","link":"https:\/\/www.micoulou-photos.com\/index.php\/category\/non-classe\/"},"img":{"alt_text":"","src":"https:\/\/i0.wp.com\/3.bp.blogspot.com\/-e5rux8G1fN4\/T-KCC-5t-_I\/AAAAAAAAyuw\/FdyXopJdOTc\/s320\/IMG_4995.JPG?resize=350%2C200","width":350,"height":200},"classes":[]},{"id":219,"url":"https:\/\/www.micoulou-photos.com\/index.php\/2011\/02\/26\/itineraire-canada\/","url_meta":{"origin":105,"position":2},"title":"Itineraire Canada&#8230;","author":"micoulou","date":"26 f\u00e9vrier 2011","format":false,"excerpt":"Je regarde les itineraires possibles pour mon periple au Canada, et pour le moment voici ce que j'ai trouv\u00e9 :Je vais arriver sur Montreal et je passerais 2-3 jours l\u00e0 bas.Quebec : ensuite je pense passer quelques jours \u00e0 quebec city, voire les personnes que je connais, commencer \u00e0 voire\u2026","rel":"","context":"Dans &quot;Canada&quot;","block_context":{"text":"Canada","link":"https:\/\/www.micoulou-photos.com\/index.php\/category\/canada\/"},"img":{"alt_text":"","src":"","width":0,"height":0},"classes":[]},{"id":116,"url":"https:\/\/www.micoulou-photos.com\/index.php\/2012\/06\/19\/nouvelles-3\/","url_meta":{"origin":105,"position":3},"title":"nouvelles","author":"micoulou","date":"19 juin 2012","format":false,"excerpt":"Mes derniers posts \u00e9taient tr\u00e8s flou, je vais pouvoir maintenant \u00eatre un peu plus clair...Que s'est il donc pass\u00e9 depuis janvier dernier ? D'abord le soucis avec la premi\u00e8re colocation a Montr\u00e9al, je crois avec le recul qu'elle \u00e9tait pr\u00e9visible, le sois disant \u00a8chef\u00a8 de la coloc voulait \u00eatre trop\u2026","rel":"","context":"Dans &quot;Non class\u00e9&quot;","block_context":{"text":"Non class\u00e9","link":"https:\/\/www.micoulou-photos.com\/index.php\/category\/non-classe\/"},"img":{"alt_text":"","src":"","width":0,"height":0},"classes":[]},{"id":204,"url":"https:\/\/www.micoulou-photos.com\/index.php\/2011\/04\/18\/2-jours-a-quebec\/","url_meta":{"origin":105,"position":4},"title":"2 jours \u00e0 Quebec","author":"micoulou","date":"18 avril 2011","format":false,"excerpt":"2 jours \u00e0 Quebec pour cloturer ce qui pourrait etre la deuxi\u00e8me \u00e9tape de mon voyage... La troisi\u00e8me etapeetant le grand saut vers l'inconnu qui commence aujourd'hui...Je suis donc revenu \u00e0 Quebec vendredi soir avec rosanne. o\u00f9 j'ai dormi la premi\u00e8re nuit au backpacker hostel. Le backpacker hostel \u00e9tait bien\u2026","rel":"","context":"Dans &quot;Non class\u00e9&quot;","block_context":{"text":"Non class\u00e9","link":"https:\/\/www.micoulou-photos.com\/index.php\/category\/non-classe\/"},"img":{"alt_text":"","src":"https:\/\/i0.wp.com\/3.bp.blogspot.com\/-sEaPK7Yf3f0\/TauNG7Xfq9I\/AAAAAAAAhBw\/BaoGPs-gHww\/s320\/IMGP0937.jpg?resize=350%2C200","width":350,"height":200},"classes":[]},{"id":163,"url":"https:\/\/www.micoulou-photos.com\/index.php\/2011\/08\/08\/retour-en-terrain-presque-connu\/","url_meta":{"origin":105,"position":5},"title":"retour en terrain (presque) connu","author":"micoulou","date":"8 ao\u00fbt 2011","format":false,"excerpt":"Bonjour \u00e0 tous les lecteurs de ce blog,Comme vous le savez peut etre, le wwoofing est termin\u00e9 pour moi pour le moment, il est tant de continuer le voyage et bientot de revenir dans un travail en informatique...Je suis donc repass\u00e9 \u00e0 Montreal et \u00e0 Quebec... Peu de photos en\u2026","rel":"","context":"Dans &quot;Non class\u00e9&quot;","block_context":{"text":"Non class\u00e9","link":"https:\/\/www.micoulou-photos.com\/index.php\/category\/non-classe\/"},"img":{"alt_text":"","src":"","width":0,"height":0},"classes":[]}],"_links":{"self":[{"href":"https:\/\/www.micoulou-photos.com\/index.php\/wp-json\/wp\/v2\/posts\/105","targetHints":{"allow":["GET"]}}],"collection":[{"href":"https:\/\/www.micoulou-photos.com\/index.php\/wp-json\/wp\/v2\/posts"}],"about":[{"href":"https:\/\/www.micoulou-photos.com\/index.php\/wp-json\/wp\/v2\/types\/post"}],"author":[{"embeddable":true,"href":"https:\/\/www.micoulou-photos.com\/index.php\/wp-json\/wp\/v2\/users\/1"}],"replies":[{"embeddable":true,"href":"https:\/\/www.micoulou-photos.com\/index.php\/wp-json\/wp\/v2\/comments?post=105"}],"version-history":[{"count":0,"href":"https:\/\/www.micoulou-photos.com\/index.php\/wp-json\/wp\/v2\/posts\/105\/revisions"}],"wp:attachment":[{"href":"https:\/\/www.micoulou-photos.com\/index.php\/wp-json\/wp\/v2\/media?parent=105"}],"wp:term":[{"taxonomy":"category","embeddable":true,"href":"https:\/\/www.micoulou-photos.com\/index.php\/wp-json\/wp\/v2\/categories?post=105"},{"taxonomy":"post_tag","embeddable":true,"href":"https:\/\/www.micoulou-photos.com\/index.php\/wp-json\/wp\/v2\/tags?post=105"}],"curies":[{"name":"wp","href":"https:\/\/api.w.org\/{rel}","templated":true}]}}